{"id":4645,"date":"2020-05-11T20:25:00","date_gmt":"2020-05-11T18:25:00","guid":{"rendered":"http:\/\/www.mbnp.archidiecezja.wroc.pl\/?p=4645"},"modified":"2020-07-04T09:20:30","modified_gmt":"2020-07-04T07:20:30","slug":"pomoc-dla-seniora","status":"publish","type":"post","link":"http:\/\/www.mbnp.archidiecezja.wroc.pl\/?p=4645","title":{"rendered":"Pomoc dla seniora"},"content":{"rendered":"\n<figure class=\"wp-block-image\"><img decoding=\"async\" loading=\"lazy\" width=\"1024\" height=\"710\" src=\"http:\/\/www.mbnp.archidiecezja.wroc.pl\/wp-content\/uploads\/2020\/05\/basia-caritas-1024x710.jpg\" alt=\"\" class=\"wp-image-4646\"\/><\/figure>\n\n\n\n<p>Cz\u0142onkowie Parafialnego Zespo\u0142u Caritas  uczestnicz\u0105 w akcji &#8222;Pomoc dla seniora&#8221;. O szczeg\u00f3\u0142ach mo\u017cna przeczyta\u0107 w artykule Go\u015bcia Wroc\u0142awskiego do kt\u00f3rego link zamieszczamy poni\u017cej:<\/p>\n\n\n\n<p><a href=\"https:\/\/wroclaw.gosc.pl\/doc\/6272336.Pandemia-jednoczy-parafie-Na-Muchoborze-Malym-powolano-akcje\">https:\/\/wroclaw.gosc.pl\/doc\/6272336.Pandemia-jednoczy-parafie-Na-Muchoborze-Malym-powolano-akcje<\/a><\/p>\n\n\n\n<p><\/p>\n","protected":false},"excerpt":{"rendered":"<p>Cz\u0142onkowie Parafialnego Zespo\u0142u Caritas uczestnicz\u0105 w akcji &#8222;Pomoc dla seniora&#8221;. O szczeg\u00f3\u0142ach mo\u017cna przeczyta\u0107 w artykule Go\u015bcia Wroc\u0142awskiego do kt\u00f3rego link zamieszczamy poni\u017cej: https:\/\/wroclaw.gosc.pl\/doc\/6272336.Pandemia-jednoczy-parafie-Na-Muchoborze-Malym-powolano-akcje<\/p>\n","protected":false},"author":9,"featured_media":0,"comment_status":"closed","ping_status":"open","sticky":false,"template":"","format":"standard","meta":[],"categories":[10],"tags":[],"_links":{"self":[{"href":"http:\/\/www.mbnp.archidiecezja.wroc.pl\/index.php?rest_route=\/wp\/v2\/posts\/4645"}],"collection":[{"href":"http:\/\/www.mbnp.archidiecezja.wroc.pl\/index.php?rest_route=\/wp\/v2\/posts"}],"about":[{"href":"http:\/\/www.mbnp.archidiecezja.wroc.pl\/index.php?rest_route=\/wp\/v2\/types\/post"}],"author":[{"embeddable":true,"href":"http:\/\/www.mbnp.archidiecezja.wroc.pl\/index.php?rest_route=\/wp\/v2\/users\/9"}],"replies":[{"embeddable":true,"href":"http:\/\/www.mbnp.archidiecezja.wroc.pl\/index.php?rest_route=%2Fwp%2Fv2%2Fcomments&post=4645"}],"version-history":[{"count":2,"href":"http:\/\/www.mbnp.archidiecezja.wroc.pl\/index.php?rest_route=\/wp\/v2\/posts\/4645\/revisions"}],"predecessor-version":[{"id":4650,"href":"http:\/\/www.mbnp.archidiecezja.wroc.pl\/index.php?rest_route=\/wp\/v2\/posts\/4645\/revisions\/4650"}],"wp:attachment":[{"href":"http:\/\/www.mbnp.archidiecezja.wroc.pl\/index.php?rest_route=%2Fwp%2Fv2%2Fmedia&parent=4645"}],"wp:term":[{"taxonomy":"category","embeddable":true,"href":"http:\/\/www.mbnp.archidiecezja.wroc.pl\/index.php?rest_route=%2Fwp%2Fv2%2Fcategories&post=4645"},{"taxonomy":"post_tag","embeddable":true,"href":"http:\/\/www.mbnp.archidiecezja.wroc.pl\/index.php?rest_route=%2Fwp%2Fv2%2Ftags&post=4645"}],"curies":[{"name":"wp","href":"https:\/\/api.w.org\/{rel}","templated":true}]}}