{"id":4597,"date":"2020-05-14T11:43:06","date_gmt":"2020-05-14T09:43:06","guid":{"rendered":"http:\/\/www.mbnp.archidiecezja.wroc.pl\/?p=4597"},"modified":"2020-11-07T17:51:47","modified_gmt":"2020-11-07T16:51:47","slug":"liczba-uczestnikow-nabozenstw-2","status":"publish","type":"post","link":"http:\/\/www.mbnp.archidiecezja.wroc.pl\/?p=4597","title":{"rendered":"Liczba uczestnik\u00f3w nabo\u017ce\u0144stw"},"content":{"rendered":"\n<p>Zgodnie z wytycznymi MZ, od 30maja br., w ko\u015bcio\u0142ach zostaje zniesiony limit  liczby uczestnik\u00f3w liturgii. Zachecamy jednak by zachowa\u0107 bezpiecz\u0105 odleg\u0142o\u015b\u0107 pomi\u0119dzy poszczeg\u00f3lnymi osobami. W zwi\u0105zku z  tym prosimy  siada\u0107 tak, aby umo\u017cliwi\u0107 nie tylko sobie, ale tak\u017ce innym zachowanie tego dystansu .Nadal obowi\u0105zuje wym\u00f3g zakrywania w ko\u015bciele ust i nosa.l Liczymy na Pa\u0144stwa wyrozumia\u0142o\u015b\u0107 i  dojrza\u0142e potraktowanie niniejszego rozwi\u0105zania, ze wzgl\u0119du na dobro swoje  i innych. <\/p>\n\n\n\n<figure class=\"wp-block-image\"><img decoding=\"async\" loading=\"lazy\" width=\"768\" height=\"1024\" src=\"http:\/\/www.mbnp.archidiecezja.wroc.pl\/wp-content\/uploads\/2020\/05\/20200501_183612-2-e1588413945978-768x1024.jpg\" alt=\"\" class=\"wp-image-4601\" srcset=\"http:\/\/www.mbnp.archidiecezja.wroc.pl\/wp-content\/uploads\/2020\/05\/20200501_183612-2-e1588413945978-768x1024.jpg 768w, http:\/\/www.mbnp.archidiecezja.wroc.pl\/wp-content\/uploads\/2020\/05\/20200501_183612-2-e1588413945978-225x300.jpg 225w\" sizes=\"(max-width: 768px) 100vw, 768px\" \/><\/figure>\n","protected":false},"excerpt":{"rendered":"<p>Zgodnie z wytycznymi MZ, od 30maja br., w ko\u015bcio\u0142ach zostaje zniesiony limit liczby uczestnik\u00f3w liturgii. Zachecamy jednak by zachowa\u0107 bezpiecz\u0105 odleg\u0142o\u015b\u0107 pomi\u0119dzy poszczeg\u00f3lnymi osobami. W zwi\u0105zku z tym prosimy siada\u0107 &#8230;<\/p>\n","protected":false},"author":7,"featured_media":0,"comment_status":"closed","ping_status":"closed","sticky":false,"template":"","format":"standard","meta":[],"categories":[10],"tags":[],"_links":{"self":[{"href":"http:\/\/www.mbnp.archidiecezja.wroc.pl\/index.php?rest_route=\/wp\/v2\/posts\/4597"}],"collection":[{"href":"http:\/\/www.mbnp.archidiecezja.wroc.pl\/index.php?rest_route=\/wp\/v2\/posts"}],"about":[{"href":"http:\/\/www.mbnp.archidiecezja.wroc.pl\/index.php?rest_route=\/wp\/v2\/types\/post"}],"author":[{"embeddable":true,"href":"http:\/\/www.mbnp.archidiecezja.wroc.pl\/index.php?rest_route=\/wp\/v2\/users\/7"}],"replies":[{"embeddable":true,"href":"http:\/\/www.mbnp.archidiecezja.wroc.pl\/index.php?rest_route=%2Fwp%2Fv2%2Fcomments&post=4597"}],"version-history":[{"count":9,"href":"http:\/\/www.mbnp.archidiecezja.wroc.pl\/index.php?rest_route=\/wp\/v2\/posts\/4597\/revisions"}],"predecessor-version":[{"id":4743,"href":"http:\/\/www.mbnp.archidiecezja.wroc.pl\/index.php?rest_route=\/wp\/v2\/posts\/4597\/revisions\/4743"}],"wp:attachment":[{"href":"http:\/\/www.mbnp.archidiecezja.wroc.pl\/index.php?rest_route=%2Fwp%2Fv2%2Fmedia&parent=4597"}],"wp:term":[{"taxonomy":"category","embeddable":true,"href":"http:\/\/www.mbnp.archidiecezja.wroc.pl\/index.php?rest_route=%2Fwp%2Fv2%2Fcategories&post=4597"},{"taxonomy":"post_tag","embeddable":true,"href":"http:\/\/www.mbnp.archidiecezja.wroc.pl\/index.php?rest_route=%2Fwp%2Fv2%2Ftags&post=4597"}],"curies":[{"name":"wp","href":"https:\/\/api.w.org\/{rel}","templated":true}]}}