{"id":4584,"date":"2020-09-21T12:04:33","date_gmt":"2020-09-21T10:04:33","guid":{"rendered":"http:\/\/www.mbnp.archidiecezja.wroc.pl\/?p=4584"},"modified":"2022-01-02T09:08:39","modified_gmt":"2022-01-02T08:08:39","slug":"adoracja-najswietszego-sakramentu-3","status":"publish","type":"post","link":"http:\/\/www.mbnp.archidiecezja.wroc.pl\/?p=4584","title":{"rendered":"Adoracja Naj\u015bwi\u0119tszego Sakramentu"},"content":{"rendered":"\n<p>Od 22 kwietnia 2020r., w ka\u017cd\u0105 \u015brod\u0119, w godz. od 15.00 do godz. 18.00, w naszej \u015bwi\u0105tyni b\u0119dzie wystawienie i adoracja Naj\u015bwi\u0119tszego Sakramentu:<br>-o godz. 15.00 Koronka do Bo\u017cego Mi\u0142osierdzia,<br>-o godz. 18.00 modlitwy do Matki Bo\u017cej Nieustaj\u0105cej Pomocy i Msza \u015bw.<\/p>\n\n\n\n<p>Pozosta\u0142y czas b\u0119dzie przeznaczony na indywidualn\u0105 modlitw\u0119 w ciszy. Zach\u0119camy do odwiedzania w tych godzinach naszej \u015bwi\u0105tyni i trwania na modlitwie.<\/p>\n\n\n\n<figure class=\"wp-block-image\"><img decoding=\"async\" loading=\"lazy\" width=\"275\" height=\"183\" src=\"http:\/\/www.mbnp.archidiecezja.wroc.pl\/wp-content\/uploads\/2020\/04\/indeks.jpg\" alt=\"\" class=\"wp-image-4585\"\/><\/figure>\n\n\n\n<p><br><br><\/p>\n","protected":false},"excerpt":{"rendered":"<p>Od 22 kwietnia 2020r., w ka\u017cd\u0105 \u015brod\u0119, w godz. od 15.00 do godz. 18.00, w naszej \u015bwi\u0105tyni b\u0119dzie wystawienie i adoracja Naj\u015bwi\u0119tszego Sakramentu:-o godz. 15.00 Koronka do Bo\u017cego Mi\u0142osierdzia,-o godz. &#8230;<\/p>\n","protected":false},"author":7,"featured_media":0,"comment_status":"closed","ping_status":"closed","sticky":false,"template":"","format":"standard","meta":[],"categories":[10],"tags":[],"_links":{"self":[{"href":"http:\/\/www.mbnp.archidiecezja.wroc.pl\/index.php?rest_route=\/wp\/v2\/posts\/4584"}],"collection":[{"href":"http:\/\/www.mbnp.archidiecezja.wroc.pl\/index.php?rest_route=\/wp\/v2\/posts"}],"about":[{"href":"http:\/\/www.mbnp.archidiecezja.wroc.pl\/index.php?rest_route=\/wp\/v2\/types\/post"}],"author":[{"embeddable":true,"href":"http:\/\/www.mbnp.archidiecezja.wroc.pl\/index.php?rest_route=\/wp\/v2\/users\/7"}],"replies":[{"embeddable":true,"href":"http:\/\/www.mbnp.archidiecezja.wroc.pl\/index.php?rest_route=%2Fwp%2Fv2%2Fcomments&post=4584"}],"version-history":[{"count":1,"href":"http:\/\/www.mbnp.archidiecezja.wroc.pl\/index.php?rest_route=\/wp\/v2\/posts\/4584\/revisions"}],"predecessor-version":[{"id":4586,"href":"http:\/\/www.mbnp.archidiecezja.wroc.pl\/index.php?rest_route=\/wp\/v2\/posts\/4584\/revisions\/4586"}],"wp:attachment":[{"href":"http:\/\/www.mbnp.archidiecezja.wroc.pl\/index.php?rest_route=%2Fwp%2Fv2%2Fmedia&parent=4584"}],"wp:term":[{"taxonomy":"category","embeddable":true,"href":"http:\/\/www.mbnp.archidiecezja.wroc.pl\/index.php?rest_route=%2Fwp%2Fv2%2Fcategories&post=4584"},{"taxonomy":"post_tag","embeddable":true,"href":"http:\/\/www.mbnp.archidiecezja.wroc.pl\/index.php?rest_route=%2Fwp%2Fv2%2Ftags&post=4584"}],"curies":[{"name":"wp","href":"https:\/\/api.w.org\/{rel}","templated":true}]}}