{"id":4538,"date":"2020-03-31T10:22:56","date_gmt":"2020-03-31T08:22:56","guid":{"rendered":"http:\/\/www.mbnp.archidiecezja.wroc.pl\/?p=4538"},"modified":"2020-04-21T07:35:14","modified_gmt":"2020-04-21T05:35:14","slug":"funkcjonowanie-parafii-w-czasie-stanu-epidemii","status":"publish","type":"post","link":"http:\/\/www.mbnp.archidiecezja.wroc.pl\/?p=4538","title":{"rendered":"Funkcjonowanie Parafii w czasie stanu epidemii"},"content":{"rendered":"<p><!--StartFragment--><\/p>\n\n\n<figure class=\"wp-block-image\"><img decoding=\"async\" loading=\"lazy\" width=\"768\" height=\"1024\" src=\"http:\/\/www.mbnp.archidiecezja.wroc.pl\/wp-content\/uploads\/2020\/04\/Msze-\u015bw.-Koronawierus-768x1024.jpg\" alt=\"\" class=\"wp-image-4540\" srcset=\"http:\/\/www.mbnp.archidiecezja.wroc.pl\/wp-content\/uploads\/2020\/04\/Msze-\u015bw.-Koronawierus-768x1024.jpg 768w, http:\/\/www.mbnp.archidiecezja.wroc.pl\/wp-content\/uploads\/2020\/04\/Msze-\u015bw.-Koronawierus-225x300.jpg 225w, http:\/\/www.mbnp.archidiecezja.wroc.pl\/wp-content\/uploads\/2020\/04\/Msze-\u015bw.-Koronawierus.jpg 1008w\" sizes=\"(max-width: 768px) 100vw, 768px\" \/><\/figure>\n\n\n\n<p>Od dnia <strong>25 marca 2020r.<\/strong> Msze \u015bw. sprawowane b\u0119d\u0105 przy drzwiach zamkni\u0119tych, z udzia\u0142em tylko 5 wiernych. Pierwsze\u0144stwo wej\u015bcia na Msz\u0119 \u015awi\u0119t\u0105 maj\u0105 po  2 osoby z rodziny, kt\u00f3ra zam\u00f3wi\u0142a intencj\u0119. W czasie stanu zagro\u017cenia epidemicznego Msze \u015bwi\u0119te niedzielne sprawowane b\u0119d\u0105 wed\u0142ug sta\u0142ego porz\u0105dku:<\/p>\n\n\n\n<p><strong>Godziny\nniedzielnych Mszy \u015bw.<\/strong><\/p>\n\n\n\n<p><strong>7:30;&nbsp; 9:30;&nbsp;\n11:00;&nbsp; 12:30;&nbsp; 18:00<\/strong><\/p>\n\n\n\n<p>Msze \u015bwi\u0119te w dni powszednie codziennie o godz. <strong>7:00, 18:00. <\/strong>Odwo\u0142ane s\u0105 wszystkie nabo\u017ce\u0144stwa, spotkania grup oraz urz\u0119dowanie kancelarii parafialnej. W sprawach pilnych prosimy kontaktowa\u0107 si\u0119 pod numerem tel. 71-373-72-45<\/p>\n\n\n\n<p>Prosimy\no wyrozumia\u0142o\u015b\u0107, zach\u0119camy do modlitwy &nbsp;w\nswoich domach i udzia\u0142u w licznych transmisjach radiowych i telewizyjnych.\nPowy\u017cszy porz\u0105dek &nbsp;obowi\u0105zuje do\nodwo\u0142ania.<\/p>\n\n\n\n<p>Zapraszamy do odwiedzania naszej\nstrony internetowej:<\/p>\n\n\n\n<figure class=\"wp-block-embed is-type-rich is-provider-parafia-rzymskokatolicka-pod-wezwaniem-najswietszej-maryi-panny-nieustajacej-pomocy\"><div class=\"wp-block-embed__wrapper\">\n<blockquote class=\"wp-embedded-content\" data-secret=\"I9LcJvY1xq\"><a href=\"http:\/\/www.mbnp.archidiecezja.wroc.pl\/\">Strona G\u0142\u00f3wna<\/a><\/blockquote><iframe class=\"wp-embedded-content\" sandbox=\"allow-scripts\" security=\"restricted\" style=\"position: absolute; clip: rect(1px, 1px, 1px, 1px);\" title=\"&#8222;Strona G\u0142\u00f3wna&#8221; &#8212; Parafia Rzymskokatolicka pod wezwaniem Naj\u015bwi\u0119tszej Maryi Panny Nieustaj\u0105cej Pomocy\" src=\"http:\/\/www.mbnp.archidiecezja.wroc.pl\/?embed=true#?secret=I9LcJvY1xq\" data-secret=\"I9LcJvY1xq\" width=\"600\" height=\"338\" frameborder=\"0\" marginwidth=\"0\" marginheight=\"0\" scrolling=\"no\"><\/iframe>\n<\/div><\/figure>\n\n\n<p><!--EndFragment--><\/p>\n<p><\/p>","protected":false},"excerpt":{"rendered":"<p>Od dnia 25 marca 2020r. Msze \u015bw. sprawowane b\u0119d\u0105 przy drzwiach zamkni\u0119tych, z udzia\u0142em tylko 5 wiernych. Pierwsze\u0144stwo wej\u015bcia na Msz\u0119 \u015awi\u0119t\u0105 maj\u0105 po 2 osoby z rodziny, kt\u00f3ra zam\u00f3wi\u0142a &#8230;<\/p>\n","protected":false},"author":7,"featured_media":0,"comment_status":"closed","ping_status":"closed","sticky":false,"template":"","format":"standard","meta":[],"categories":[10],"tags":[],"_links":{"self":[{"href":"http:\/\/www.mbnp.archidiecezja.wroc.pl\/index.php?rest_route=\/wp\/v2\/posts\/4538"}],"collection":[{"href":"http:\/\/www.mbnp.archidiecezja.wroc.pl\/index.php?rest_route=\/wp\/v2\/posts"}],"about":[{"href":"http:\/\/www.mbnp.archidiecezja.wroc.pl\/index.php?rest_route=\/wp\/v2\/types\/post"}],"author":[{"embeddable":true,"href":"http:\/\/www.mbnp.archidiecezja.wroc.pl\/index.php?rest_route=\/wp\/v2\/users\/7"}],"replies":[{"embeddable":true,"href":"http:\/\/www.mbnp.archidiecezja.wroc.pl\/index.php?rest_route=%2Fwp%2Fv2%2Fcomments&post=4538"}],"version-history":[{"count":3,"href":"http:\/\/www.mbnp.archidiecezja.wroc.pl\/index.php?rest_route=\/wp\/v2\/posts\/4538\/revisions"}],"predecessor-version":[{"id":4543,"href":"http:\/\/www.mbnp.archidiecezja.wroc.pl\/index.php?rest_route=\/wp\/v2\/posts\/4538\/revisions\/4543"}],"wp:attachment":[{"href":"http:\/\/www.mbnp.archidiecezja.wroc.pl\/index.php?rest_route=%2Fwp%2Fv2%2Fmedia&parent=4538"}],"wp:term":[{"taxonomy":"category","embeddable":true,"href":"http:\/\/www.mbnp.archidiecezja.wroc.pl\/index.php?rest_route=%2Fwp%2Fv2%2Fcategories&post=4538"},{"taxonomy":"post_tag","embeddable":true,"href":"http:\/\/www.mbnp.archidiecezja.wroc.pl\/index.php?rest_route=%2Fwp%2Fv2%2Ftags&post=4538"}],"curies":[{"name":"wp","href":"https:\/\/api.w.org\/{rel}","templated":true}]}}