{"id":4520,"date":"2020-04-07T20:50:18","date_gmt":"2020-04-07T18:50:18","guid":{"rendered":"http:\/\/www.mbnp.archidiecezja.wroc.pl\/?p=4520"},"modified":"2020-04-13T10:03:57","modified_gmt":"2020-04-13T08:03:57","slug":"blogoslawienie-pokarmow-wielkanocnych","status":"publish","type":"post","link":"http:\/\/www.mbnp.archidiecezja.wroc.pl\/?p=4520","title":{"rendered":"B\u0142ogos\u0142awienie pokarm\u00f3w wielkanocnych"},"content":{"rendered":"<p>Ze wzgl\u0119du na obowi\u0105zuj\u0105cy w naszym kraju stan epidemii nie b\u0119dzie tradycyjnego po\u015bwi\u0119cenia wielkanocnych pokarm\u00f3w, ale niech w ka\u017cdej rodzinie, przed rozpocz\u0119ciem wielkanocnego \u015bniadania, odm\u00f3wiona zostanie modlitwa b\u0142ogos\u0142awienia pokarm\u00f3w. My, kap\u0142ani, w Wielk\u0105 Sobot\u0119, o godz. 12:00, z naszej \u015bwi\u0105tyni pob\u0142ogos\u0142awimy Wasze \u015bwi\u0105teczne pokarmy. Zach\u0119camy wszystkich do duchowej \u0142\u0105czno\u015bci i modlitwy w tej godzinie.<\/p>\n\n\n<p><br><\/p>\n\n\n\n<figure class=\"wp-block-image\"><img decoding=\"async\" loading=\"lazy\" width=\"604\" height=\"891\" src=\"http:\/\/www.mbnp.archidiecezja.wroc.pl\/wp-content\/uploads\/2020\/04\/20200412_blogoslawienstwa.jpg\" alt=\"\" class=\"wp-image-4521\" srcset=\"http:\/\/www.mbnp.archidiecezja.wroc.pl\/wp-content\/uploads\/2020\/04\/20200412_blogoslawienstwa.jpg 604w, http:\/\/www.mbnp.archidiecezja.wroc.pl\/wp-content\/uploads\/2020\/04\/20200412_blogoslawienstwa-203x300.jpg 203w\" sizes=\"(max-width: 604px) 100vw, 604px\" \/><\/figure>\n","protected":false},"excerpt":{"rendered":"<p>Ze wzgl\u0119du na obowi\u0105zuj\u0105cy w naszym kraju stan epidemii nie b\u0119dzie tradycyjnego po\u015bwi\u0119cenia wielkanocnych pokarm\u00f3w, ale niech w ka\u017cdej rodzinie, przed rozpocz\u0119ciem wielkanocnego \u015bniadania, odm\u00f3wiona zostanie modlitwa b\u0142ogos\u0142awienia pokarm\u00f3w. My, &#8230;<\/p>\n","protected":false},"author":7,"featured_media":0,"comment_status":"closed","ping_status":"closed","sticky":false,"template":"","format":"standard","meta":[],"categories":[10],"tags":[],"_links":{"self":[{"href":"http:\/\/www.mbnp.archidiecezja.wroc.pl\/index.php?rest_route=\/wp\/v2\/posts\/4520"}],"collection":[{"href":"http:\/\/www.mbnp.archidiecezja.wroc.pl\/index.php?rest_route=\/wp\/v2\/posts"}],"about":[{"href":"http:\/\/www.mbnp.archidiecezja.wroc.pl\/index.php?rest_route=\/wp\/v2\/types\/post"}],"author":[{"embeddable":true,"href":"http:\/\/www.mbnp.archidiecezja.wroc.pl\/index.php?rest_route=\/wp\/v2\/users\/7"}],"replies":[{"embeddable":true,"href":"http:\/\/www.mbnp.archidiecezja.wroc.pl\/index.php?rest_route=%2Fwp%2Fv2%2Fcomments&post=4520"}],"version-history":[{"count":2,"href":"http:\/\/www.mbnp.archidiecezja.wroc.pl\/index.php?rest_route=\/wp\/v2\/posts\/4520\/revisions"}],"predecessor-version":[{"id":4524,"href":"http:\/\/www.mbnp.archidiecezja.wroc.pl\/index.php?rest_route=\/wp\/v2\/posts\/4520\/revisions\/4524"}],"wp:attachment":[{"href":"http:\/\/www.mbnp.archidiecezja.wroc.pl\/index.php?rest_route=%2Fwp%2Fv2%2Fmedia&parent=4520"}],"wp:term":[{"taxonomy":"category","embeddable":true,"href":"http:\/\/www.mbnp.archidiecezja.wroc.pl\/index.php?rest_route=%2Fwp%2Fv2%2Fcategories&post=4520"},{"taxonomy":"post_tag","embeddable":true,"href":"http:\/\/www.mbnp.archidiecezja.wroc.pl\/index.php?rest_route=%2Fwp%2Fv2%2Ftags&post=4520"}],"curies":[{"name":"wp","href":"https:\/\/api.w.org\/{rel}","templated":true}]}}