{"id":4472,"date":"2020-03-21T16:30:28","date_gmt":"2020-03-21T15:30:28","guid":{"rendered":"http:\/\/www.mbnp.archidiecezja.wroc.pl\/?p=4472"},"modified":"2020-04-09T08:15:01","modified_gmt":"2020-04-09T06:15:01","slug":"15-rocznica-smierci-jana-pawla-ii-zacheta-do-medytacji","status":"publish","type":"post","link":"http:\/\/www.mbnp.archidiecezja.wroc.pl\/?p=4472","title":{"rendered":"15 rocznica \u015bmierci Jana Paw\u0142a II- zach\u0119ta do medytacji"},"content":{"rendered":"\n<p><br> Zapraszamy do pos\u0142uchania nagrania Krzysztofa z naszej parafialnej Scholi Liturgicznej <a href=\"https:\/\/ising.pl\/nagranie\/e2n2eopke6d,Zdumienie-Dla_Jana_Pawla_II\">https:\/\/ising.pl\/nagranie\/e2n2eopke6d,Zdumienie-Dla_Jana_Pawla_II<\/a><\/p>\n\n\n\n<figure class=\"wp-block-image\"><img decoding=\"async\" loading=\"lazy\" width=\"208\" height=\"300\" src=\"http:\/\/www.mbnp.archidiecezja.wroc.pl\/wp-content\/uploads\/2019\/07\/Slajd2-1-208x300.jpg\" alt=\"\" class=\"wp-image-3789\" srcset=\"http:\/\/www.mbnp.archidiecezja.wroc.pl\/wp-content\/uploads\/2019\/07\/Slajd2-1-208x300.jpg 208w, http:\/\/www.mbnp.archidiecezja.wroc.pl\/wp-content\/uploads\/2019\/07\/Slajd2-1-709x1024.jpg 709w, http:\/\/www.mbnp.archidiecezja.wroc.pl\/wp-content\/uploads\/2019\/07\/Slajd2-1.jpg 720w\" sizes=\"(max-width: 208px) 100vw, 208px\" \/><\/figure>\n","protected":false},"excerpt":{"rendered":"<p>Zapraszamy do pos\u0142uchania nagrania Krzysztofa z naszej parafialnej Scholi Liturgicznej https:\/\/ising.pl\/nagranie\/e2n2eopke6d,Zdumienie-Dla_Jana_Pawla_II<\/p>\n","protected":false},"author":7,"featured_media":0,"comment_status":"closed","ping_status":"closed","sticky":false,"template":"","format":"standard","meta":[],"categories":[10],"tags":[],"_links":{"self":[{"href":"http:\/\/www.mbnp.archidiecezja.wroc.pl\/index.php?rest_route=\/wp\/v2\/posts\/4472"}],"collection":[{"href":"http:\/\/www.mbnp.archidiecezja.wroc.pl\/index.php?rest_route=\/wp\/v2\/posts"}],"about":[{"href":"http:\/\/www.mbnp.archidiecezja.wroc.pl\/index.php?rest_route=\/wp\/v2\/types\/post"}],"author":[{"embeddable":true,"href":"http:\/\/www.mbnp.archidiecezja.wroc.pl\/index.php?rest_route=\/wp\/v2\/users\/7"}],"replies":[{"embeddable":true,"href":"http:\/\/www.mbnp.archidiecezja.wroc.pl\/index.php?rest_route=%2Fwp%2Fv2%2Fcomments&post=4472"}],"version-history":[{"count":5,"href":"http:\/\/www.mbnp.archidiecezja.wroc.pl\/index.php?rest_route=\/wp\/v2\/posts\/4472\/revisions"}],"predecessor-version":[{"id":4477,"href":"http:\/\/www.mbnp.archidiecezja.wroc.pl\/index.php?rest_route=\/wp\/v2\/posts\/4472\/revisions\/4477"}],"wp:attachment":[{"href":"http:\/\/www.mbnp.archidiecezja.wroc.pl\/index.php?rest_route=%2Fwp%2Fv2%2Fmedia&parent=4472"}],"wp:term":[{"taxonomy":"category","embeddable":true,"href":"http:\/\/www.mbnp.archidiecezja.wroc.pl\/index.php?rest_route=%2Fwp%2Fv2%2Fcategories&post=4472"},{"taxonomy":"post_tag","embeddable":true,"href":"http:\/\/www.mbnp.archidiecezja.wroc.pl\/index.php?rest_route=%2Fwp%2Fv2%2Ftags&post=4472"}],"curies":[{"name":"wp","href":"https:\/\/api.w.org\/{rel}","templated":true}]}}