{"id":4465,"date":"2020-03-22T16:05:57","date_gmt":"2020-03-22T15:05:57","guid":{"rendered":"http:\/\/www.mbnp.archidiecezja.wroc.pl\/?p=4465"},"modified":"2020-04-09T08:14:27","modified_gmt":"2020-04-09T06:14:27","slug":"02-kwietnia-godz-2137","status":"publish","type":"post","link":"http:\/\/www.mbnp.archidiecezja.wroc.pl\/?p=4465","title":{"rendered":"02 kwietnia, godz. 21:37- zach\u0119ta do modlitwy i zapalenia \u015bwieczki"},"content":{"rendered":"\n<figure class=\"wp-block-image\"><img decoding=\"async\" loading=\"lazy\" width=\"933\" height=\"592\" src=\"http:\/\/www.mbnp.archidiecezja.wroc.pl\/wp-content\/uploads\/2020\/04\/4d92ed7b1c8ae_osize933x0q70h511e1e.jpg\" alt=\"\" class=\"wp-image-4467\" srcset=\"http:\/\/www.mbnp.archidiecezja.wroc.pl\/wp-content\/uploads\/2020\/04\/4d92ed7b1c8ae_osize933x0q70h511e1e.jpg 933w, http:\/\/www.mbnp.archidiecezja.wroc.pl\/wp-content\/uploads\/2020\/04\/4d92ed7b1c8ae_osize933x0q70h511e1e-300x190.jpg 300w, http:\/\/www.mbnp.archidiecezja.wroc.pl\/wp-content\/uploads\/2020\/04\/4d92ed7b1c8ae_osize933x0q70h511e1e-768x487.jpg 768w\" sizes=\"(max-width: 933px) 100vw, 933px\" \/><\/figure>\n\n\n\n<p>&#8222;Zapalmy \u015bwiece i m\u00f3dlmy si\u0119 za wstawiennictwem Jana Paw\u0142a II&#8221;. Apel kard. Dziwisza w rocznic\u0119 \u015bmierci papie\u017ca.<\/p>\n\n\n\n<p>Dzi\u015b, w 15. rocznic\u0119 \u015bmierci Jana Paw\u0142a II kard. Stanis\u0142aw Dziwisz zapelowa\u0142 do Polak\u00f3w o duchow\u0105 \u0142\u0105czno\u015b\u0107 i zapalenie \u015bwiec w oknach o godz. 21.37. Niech to b\u0119dzie dla nas symbolem mi\u0142o\u015bci i solidarno\u015bci. Niech b\u0119dzie wo\u0142aniem o Bo\u017ce Mi\u0142osierdzie dla \u015bwiata. By\u0142y osobisty sekretarz Jana Paw\u0142a II apeluje, aby w godzinie \u015bmierci Ojca \u015awi\u0119tego Jana Paw\u0142a II modli\u0107 si\u0119 o ustanie epidemii koronawirusa. Podkre\u015bli\u0142, \u017ce zapalona \u015bwieca jest znakiem szczeg\u00f3lnej solidarno\u015bci. &#8211; W trudnym dla Polski roku stanu wojennego, Jan Pawe\u0142 II podszed\u0142 do okna ze \u015bwiec\u0105 i zapali\u0142 j\u0105, pokazuj\u0105c, \u017ce czuwa z narodem \u2013 przypomnia\u0142 kard. Dziwisz. Zaapelowa\u0142, by zapalona dzi\u015b \u015bwieca by\u0142a tak\u017ce okazj\u0105 do przypomnienia nauczania \u015bw. Jana Paw\u0142a II. Papie\u017c m\u00f3wi\u0142 nam, \u017ceby\u015bmy byli razem, \u017ceby\u015bmy zawsze szli dobr\u0105 drog\u0105, \u017ceby\u015bmy zawsze mieli nadziej\u0119. Potrzebujemy jej zw\u0142aszcza dzi\u015b, kiedy prze\u017cywamy w kraju i na \u015bwiecie tak wiele trudnych moment\u00f3w zwi\u0105zanych z epidemi\u0105 koronawirusa. Z nim, z jego wstawiennictwem jeste\u015bmy w stanie przej\u015b\u0107 to wszystko \u2013 przypomina kard. Dziwisz.<\/p>\n","protected":false},"excerpt":{"rendered":"<p>&#8222;Zapalmy \u015bwiece i m\u00f3dlmy si\u0119 za wstawiennictwem Jana Paw\u0142a II&#8221;. Apel kard. Dziwisza w rocznic\u0119 \u015bmierci papie\u017ca. Dzi\u015b, w 15. rocznic\u0119 \u015bmierci Jana Paw\u0142a II kard. Stanis\u0142aw Dziwisz zapelowa\u0142 do &#8230;<\/p>\n","protected":false},"author":7,"featured_media":0,"comment_status":"closed","ping_status":"closed","sticky":false,"template":"","format":"standard","meta":[],"categories":[10],"tags":[],"_links":{"self":[{"href":"http:\/\/www.mbnp.archidiecezja.wroc.pl\/index.php?rest_route=\/wp\/v2\/posts\/4465"}],"collection":[{"href":"http:\/\/www.mbnp.archidiecezja.wroc.pl\/index.php?rest_route=\/wp\/v2\/posts"}],"about":[{"href":"http:\/\/www.mbnp.archidiecezja.wroc.pl\/index.php?rest_route=\/wp\/v2\/types\/post"}],"author":[{"embeddable":true,"href":"http:\/\/www.mbnp.archidiecezja.wroc.pl\/index.php?rest_route=\/wp\/v2\/users\/7"}],"replies":[{"embeddable":true,"href":"http:\/\/www.mbnp.archidiecezja.wroc.pl\/index.php?rest_route=%2Fwp%2Fv2%2Fcomments&post=4465"}],"version-history":[{"count":5,"href":"http:\/\/www.mbnp.archidiecezja.wroc.pl\/index.php?rest_route=\/wp\/v2\/posts\/4465\/revisions"}],"predecessor-version":[{"id":4471,"href":"http:\/\/www.mbnp.archidiecezja.wroc.pl\/index.php?rest_route=\/wp\/v2\/posts\/4465\/revisions\/4471"}],"wp:attachment":[{"href":"http:\/\/www.mbnp.archidiecezja.wroc.pl\/index.php?rest_route=%2Fwp%2Fv2%2Fmedia&parent=4465"}],"wp:term":[{"taxonomy":"category","embeddable":true,"href":"http:\/\/www.mbnp.archidiecezja.wroc.pl\/index.php?rest_route=%2Fwp%2Fv2%2Fcategories&post=4465"},{"taxonomy":"post_tag","embeddable":true,"href":"http:\/\/www.mbnp.archidiecezja.wroc.pl\/index.php?rest_route=%2Fwp%2Fv2%2Ftags&post=4465"}],"curies":[{"name":"wp","href":"https:\/\/api.w.org\/{rel}","templated":true}]}}