{"id":4430,"date":"2020-03-23T22:31:52","date_gmt":"2020-03-23T21:31:52","guid":{"rendered":"http:\/\/www.mbnp.archidiecezja.wroc.pl\/?p=4430"},"modified":"2020-11-07T17:56:33","modified_gmt":"2020-11-07T16:56:33","slug":"dyspensa-i-dekrety-metropolity-wroclawskiego","status":"publish","type":"post","link":"http:\/\/www.mbnp.archidiecezja.wroc.pl\/?p=4430","title":{"rendered":"Dyspensa i dekrety Metropolity Wroc\u0142awskiego"},"content":{"rendered":"\n<p>W ostatnich dniach Metropolita Wroc\u0142awski Ks. Arcybiskup J\u00f3zef Kupny wyda\u0142 kilka dekret\u00f3w, m.i. o obchodach Triduum Paschalnego, pos\u0142udze duszpasterskiej i udzieli\u0142 dyspensy od udzia\u0142u w Mszy \u015bw. Pe\u0142ny tekst dokument\u00f3w zamieszczamy poni\u017cej. <\/p>\n\n\n<div class=\"pdfemb-viewer\" data-pdf-url=\"http:\/\/www.mbnp.archidiecezja.wroc.pl\/wp-content\/uploads\/2020\/03\/1.-Dekret-o-posludze-duszpasterskiej.pdf\" style=\"\" data-width=\"max\" data-height=\"max\"  data-toolbar=\"bottom\" data-toolbar-fixed=\"off\"><\/div> <div class=\"pdfemb-viewer\" data-pdf-url=\"http:\/\/www.mbnp.archidiecezja.wroc.pl\/wp-content\/uploads\/2020\/03\/2.-Dekret-Wielki-Tydzien.pdf\" style=\"\" data-width=\"max\" data-height=\"max\"  data-toolbar=\"bottom\" data-toolbar-fixed=\"off\"><\/div> <div class=\"pdfemb-viewer\" data-pdf-url=\"http:\/\/www.mbnp.archidiecezja.wroc.pl\/wp-content\/uploads\/2020\/03\/3.-Dyspensa.pdf\" style=\"\" data-width=\"max\" data-height=\"max\"  data-toolbar=\"bottom\" data-toolbar-fixed=\"off\"><\/div> <div class=\"pdfemb-viewer\" data-pdf-url=\"http:\/\/www.mbnp.archidiecezja.wroc.pl\/wp-content\/uploads\/2020\/03\/4.-Dekret-I-Komunia.pdf\" style=\"\" data-width=\"max\" data-height=\"max\"  data-toolbar=\"bottom\" data-toolbar-fixed=\"off\"><\/div> <div class=\"pdfemb-viewer\" data-pdf-url=\"http:\/\/www.mbnp.archidiecezja.wroc.pl\/wp-content\/uploads\/2020\/03\/5.-B\u0142ogos\u0142awienie-pokarm\u00f3w.pdf\" style=\"\" data-width=\"max\" data-height=\"max\"  data-toolbar=\"bottom\" data-toolbar-fixed=\"off\"><\/div>\n\n\n\n\n<ul class=\"wp-block-gallery columns-1 is-cropped wp-block-gallery-1 is-layout-flex\"><li class=\"blocks-gallery-item\"><figure><img decoding=\"async\" loading=\"lazy\" width=\"1024\" height=\"684\" src=\"http:\/\/www.mbnp.archidiecezja.wroc.pl\/wp-content\/uploads\/2020\/03\/abp_kupny-1024x684.jpg\" alt=\"\" data-id=\"4433\" data-link=\"http:\/\/www.mbnp.archidiecezja.wroc.pl\/?attachment_id=4433\" class=\"wp-image-4433\" srcset=\"http:\/\/www.mbnp.archidiecezja.wroc.pl\/wp-content\/uploads\/2020\/03\/abp_kupny-1024x684.jpg 1024w, http:\/\/www.mbnp.archidiecezja.wroc.pl\/wp-content\/uploads\/2020\/03\/abp_kupny-300x200.jpg 300w, http:\/\/www.mbnp.archidiecezja.wroc.pl\/wp-content\/uploads\/2020\/03\/abp_kupny-768x513.jpg 768w, http:\/\/www.mbnp.archidiecezja.wroc.pl\/wp-content\/uploads\/2020\/03\/abp_kupny.jpg 1211w\" sizes=\"(max-width: 1024px) 100vw, 1024px\" \/><\/figure><\/li><\/ul>\n\n\n","protected":false},"excerpt":{"rendered":"<p>W ostatnich dniach Metropolita Wroc\u0142awski Ks. Arcybiskup J\u00f3zef Kupny wyda\u0142 kilka dekret\u00f3w, m.i. o obchodach Triduum Paschalnego, pos\u0142udze duszpasterskiej i udzieli\u0142 dyspensy od udzia\u0142u w Mszy \u015bw. Pe\u0142ny tekst dokument\u00f3w &#8230;<\/p>\n","protected":false},"author":7,"featured_media":0,"comment_status":"closed","ping_status":"closed","sticky":false,"template":"","format":"standard","meta":[],"categories":[10],"tags":[],"_links":{"self":[{"href":"http:\/\/www.mbnp.archidiecezja.wroc.pl\/index.php?rest_route=\/wp\/v2\/posts\/4430"}],"collection":[{"href":"http:\/\/www.mbnp.archidiecezja.wroc.pl\/index.php?rest_route=\/wp\/v2\/posts"}],"about":[{"href":"http:\/\/www.mbnp.archidiecezja.wroc.pl\/index.php?rest_route=\/wp\/v2\/types\/post"}],"author":[{"embeddable":true,"href":"http:\/\/www.mbnp.archidiecezja.wroc.pl\/index.php?rest_route=\/wp\/v2\/users\/7"}],"replies":[{"embeddable":true,"href":"http:\/\/www.mbnp.archidiecezja.wroc.pl\/index.php?rest_route=%2Fwp%2Fv2%2Fcomments&post=4430"}],"version-history":[{"count":10,"href":"http:\/\/www.mbnp.archidiecezja.wroc.pl\/index.php?rest_route=\/wp\/v2\/posts\/4430\/revisions"}],"predecessor-version":[{"id":4457,"href":"http:\/\/www.mbnp.archidiecezja.wroc.pl\/index.php?rest_route=\/wp\/v2\/posts\/4430\/revisions\/4457"}],"wp:attachment":[{"href":"http:\/\/www.mbnp.archidiecezja.wroc.pl\/index.php?rest_route=%2Fwp%2Fv2%2Fmedia&parent=4430"}],"wp:term":[{"taxonomy":"category","embeddable":true,"href":"http:\/\/www.mbnp.archidiecezja.wroc.pl\/index.php?rest_route=%2Fwp%2Fv2%2Fcategories&post=4430"},{"taxonomy":"post_tag","embeddable":true,"href":"http:\/\/www.mbnp.archidiecezja.wroc.pl\/index.php?rest_route=%2Fwp%2Fv2%2Ftags&post=4430"}],"curies":[{"name":"wp","href":"https:\/\/api.w.org\/{rel}","templated":true}]}}