{"id":4424,"date":"2020-03-15T14:24:01","date_gmt":"2020-03-15T13:24:01","guid":{"rendered":"http:\/\/www.mbnp.archidiecezja.wroc.pl\/?p=4424"},"modified":"2020-04-09T08:15:13","modified_gmt":"2020-04-09T06:15:13","slug":"modlitwa-z-papiezem-franciszkiem-o-ustanie-epidemii-27-marca-godz-1800","status":"publish","type":"post","link":"http:\/\/www.mbnp.archidiecezja.wroc.pl\/?p=4424","title":{"rendered":"Modlitwa z papie\u017cem Franciszkiem o ustanie epidemii- 27 marca, godz. 18:00"},"content":{"rendered":"\n<figure class=\"wp-block-image\"><img decoding=\"async\" loading=\"lazy\" width=\"784\" height=\"583\" src=\"http:\/\/www.mbnp.archidiecezja.wroc.pl\/wp-content\/uploads\/2020\/03\/papiez-franciszek.jpg\" alt=\"\" class=\"wp-image-4427\" srcset=\"http:\/\/www.mbnp.archidiecezja.wroc.pl\/wp-content\/uploads\/2020\/03\/papiez-franciszek.jpg 784w, http:\/\/www.mbnp.archidiecezja.wroc.pl\/wp-content\/uploads\/2020\/03\/papiez-franciszek-300x223.jpg 300w, http:\/\/www.mbnp.archidiecezja.wroc.pl\/wp-content\/uploads\/2020\/03\/papiez-franciszek-768x571.jpg 768w\" sizes=\"(max-width: 784px) 100vw, 784px\" \/><\/figure>\n\n\n\n<p>Zapraszamy do w\u0142\u0105czenia si\u0119 poprzez transmisje medialne do modlitwy o ustanie pandemii koronawirusa, kt\u00f3r\u0105 <strong>w pi\u0105tek o godz. 18.00<\/strong> poprowadzi papie\u017c Franciszek. Ojciec \u015awi\u0119ty udzieli b\u0142ogos\u0142awie\u0144stwa \u201eUrbi et Orbi\u201d ca\u0142emu \u015bwiatu. <strong>Mo\u017cna wtedy uzyska\u0107 odpust zupe\u0142ny<\/strong> \u2013 powiedzia\u0142 rzecznik Konferencji Episkopatu Polski, ks. Pawe\u0142 Rytel-Andrianik.<\/p>\n\n\n\n<p>Rzecznik Episkopatu przypomnia\u0142, \u017ce papie\u017c Franciszek zapowiedzia\u0142 w \nminion\u0105 niedziel\u0119, podczas modlitwy \u201eAnio\u0142 Pa\u0144ski\u201d, \u017ce w pi\u0105tek 27 marca\n o godz. 18.00, poprowadzi modlitw\u0119 na dziedzi\u0144cu bazyliki \u015bw. Piotra, \nprzy pustym placu. \u201eOjciec \u015awi\u0119ty zaprosi\u0142 wszystkich do duchowego \nudzia\u0142u za po\u015brednictwem \u015brodk\u00f3w przekazu. Podczas nabo\u017ce\u0144stwa czytane \nb\u0119dzie S\u0142owo Bo\u017ce, odb\u0119dzie si\u0119 adoracja Naj\u015bwi\u0119tszego Sakramentu, na \nkoniec papie\u017c Franciszek udzieli b\u0142ogos\u0142awie\u0144stwa \u201eUrbi et Orbi\u201d z \nmo\u017cliwo\u015bci\u0105 otrzymania odpustu zupe\u0142nego\u201d \u2013 podkre\u015bli\u0142.<\/p>\n\n\n\n<p>Modlitwa potrwa oko\u0142o godziny. W tym czasie b\u0119dzie mia\u0142a miejsce \nadoracja Naj\u015bwi\u0119tszego Sakramentu. Po wys\u0142uchaniu S\u0142owa Bo\u017cego, Papie\u017c \nFranciszek poprowadzi medytacj\u0119. \u201eW tym czasie przed Bazylik\u0105 \u015awi\u0119tego \nPiotra b\u0119dzie wystawiony obraz Maryi \u2013 Ocalenie Ludu Rzymskiego (Salus \nPopuli Romani) z Bazyliki Matki Bo\u017cej Wi\u0119kszej oraz krzy\u017c z ko\u015bcio\u0142a \u015bw.\n Marcelego. Przed tymi wizerunkami Pana Jezusa oraz Matki Bo\u017cej \nrzymianie modlili si\u0119 w minionych wiekach o ustanie epidemii i zostali \nwys\u0142uchani, jak czytamy w licznych dokumentach\u201d \u2013 powiedzia\u0142 ks. \nRytel-Andrianik.<\/p>\n\n\n\n<p>Ks. Rytel-Andrianik doda\u0142, \u017ce Ko\u015bci\u00f3\u0142 w Polsce w\u0142\u0105cza si\u0119 w papiesk\u0105 \nmodlitw\u0119 o ustanie pandemii koronawirusa \u2013 za chorych, zmar\u0142ych i ich \nrodziny, a tak\u017ce za s\u0142u\u017cby medyczne i sanitarne, kt\u00f3re w tym czasie z \nogromnym po\u015bwi\u0119ceniem nios\u0105 pomoc ludziom. Poinformowa\u0142 te\u017c, \u017ce modlitwa\n z papie\u017cem Franciszkiem b\u0119dzie transmitowana na oficjalnym kanele \nwatyka\u0144skim na YouTube VaticanNews: <a href=\"https:\/\/www.youtube.com\/channel\/UCShH-YDtaUQH0Zvmg_6bKJQ\" target=\"_blank\" rel=\"noreferrer noopener\">https:\/\/www.youtube.com\/channel\/UCShH-YDtaUQH0Zvmg_6bKJQ<\/a> oraz w TV Trwam i Radiu Maryja, jak r\u00f3wnie\u017c w innych \u015brodkach spo\u0142ecznego przekazu.<\/p>\n\n\n\n<p>\u201eDzi\u0119ki duchowemu uczestnictwu w modlitwie prowadzonej przez Ojca \n\u015awi\u0119tego mo\u017cemy do\u015bwiadczy\u0107 wsp\u00f3lnoty i jedno\u015bci Ko\u015bcio\u0142a na ca\u0142ym \n\u015bwiecie w tym trudnym czasie. B\u00f3g jest blisko ka\u017cdego z nas, kierujmy do\n niego nasze pro\u015bby o pok\u00f3j w sercu. B\u0105d\u017amy razem, pomagajmy osobom \npotrzebuj\u0105cym, szczeg\u00f3lnie chorym i starszym, niech nikt nie b\u0119dzie \npozostawiony sam sobie. Wspierajmy organizacje charytatywne, kt\u00f3re nios\u0105\n pomoc. Pami\u0119tajmy o zachowaniu zasad bezpiecze\u0144stwa okre\u015blonych przez \ns\u0142u\u017cby sanitarne. Ich przestrzeganie jest wyrazem odpowiedzialno\u015bci i \nchrze\u015bcija\u0144skiej mi\u0142o\u015bci bli\u017aniego\u201d \u2013 powiedzia\u0142 rzecznik Episkopatu.<\/p>\n","protected":false},"excerpt":{"rendered":"<p>Zapraszamy do w\u0142\u0105czenia si\u0119 poprzez transmisje medialne do modlitwy o ustanie pandemii koronawirusa, kt\u00f3r\u0105 w pi\u0105tek o godz. 18.00 poprowadzi papie\u017c Franciszek. Ojciec \u015awi\u0119ty udzieli b\u0142ogos\u0142awie\u0144stwa \u201eUrbi et Orbi\u201d ca\u0142emu &#8230;<\/p>\n","protected":false},"author":7,"featured_media":0,"comment_status":"closed","ping_status":"closed","sticky":false,"template":"","format":"standard","meta":[],"categories":[10],"tags":[],"_links":{"self":[{"href":"http:\/\/www.mbnp.archidiecezja.wroc.pl\/index.php?rest_route=\/wp\/v2\/posts\/4424"}],"collection":[{"href":"http:\/\/www.mbnp.archidiecezja.wroc.pl\/index.php?rest_route=\/wp\/v2\/posts"}],"about":[{"href":"http:\/\/www.mbnp.archidiecezja.wroc.pl\/index.php?rest_route=\/wp\/v2\/types\/post"}],"author":[{"embeddable":true,"href":"http:\/\/www.mbnp.archidiecezja.wroc.pl\/index.php?rest_route=\/wp\/v2\/users\/7"}],"replies":[{"embeddable":true,"href":"http:\/\/www.mbnp.archidiecezja.wroc.pl\/index.php?rest_route=%2Fwp%2Fv2%2Fcomments&post=4424"}],"version-history":[{"count":2,"href":"http:\/\/www.mbnp.archidiecezja.wroc.pl\/index.php?rest_route=\/wp\/v2\/posts\/4424\/revisions"}],"predecessor-version":[{"id":4428,"href":"http:\/\/www.mbnp.archidiecezja.wroc.pl\/index.php?rest_route=\/wp\/v2\/posts\/4424\/revisions\/4428"}],"wp:attachment":[{"href":"http:\/\/www.mbnp.archidiecezja.wroc.pl\/index.php?rest_route=%2Fwp%2Fv2%2Fmedia&parent=4424"}],"wp:term":[{"taxonomy":"category","embeddable":true,"href":"http:\/\/www.mbnp.archidiecezja.wroc.pl\/index.php?rest_route=%2Fwp%2Fv2%2Fcategories&post=4424"},{"taxonomy":"post_tag","embeddable":true,"href":"http:\/\/www.mbnp.archidiecezja.wroc.pl\/index.php?rest_route=%2Fwp%2Fv2%2Ftags&post=4424"}],"curies":[{"name":"wp","href":"https:\/\/api.w.org\/{rel}","templated":true}]}}