{"id":4407,"date":"2020-03-22T20:01:51","date_gmt":"2020-03-22T19:01:51","guid":{"rendered":"http:\/\/www.mbnp.archidiecezja.wroc.pl\/?p=4407"},"modified":"2025-02-03T22:08:16","modified_gmt":"2025-02-03T21:08:16","slug":"sprzedaz-swiec-i-barankow-wielkanocnych","status":"publish","type":"post","link":"http:\/\/www.mbnp.archidiecezja.wroc.pl\/?p=4407","title":{"rendered":"SPRZEDA\u017b \u015aWIEC I BARANK\u00d3W WIELKANOCNYCH"},"content":{"rendered":"\n<h2 class=\"wp-block-heading\"><\/h2>\n\n\n\n<p><strong>Sprzeda\u017c \u015bwiec i barank\u00f3w wielkanocnych<\/strong><\/p>\n\n\n\n<p>W zwi\u0105zku z epidemi\u0105 koronawirusa i wprowadzonymi przez w\u0142adze pa\u0144stwowe ograniczeniami,  nie jest mo\u017cliwa sprzeda\u017c \u015bwiec i barank\u00f3w wielkanocnych w zwyczajowej formie. <\/p>\n\n\n\n<p>Mo\u017cna je jednak naby\u0107 w przedsionku ko\u015bcio\u0142a, za odliczon\u0105 kwot\u0119, wrzucaj\u0105c nale\u017cno\u015b\u0107 do puszki. <\/p>\n\n\n\n<p><strong>Ma\u0142a \u015bwieca 6 z\u0142<\/strong><\/p>\n\n\n\n<p><strong>Du\u017ca \u015bwieca 14 z\u0142<\/strong><\/p>\n\n\n\n<p><strong>Baranek 5 z\u0142<\/strong><\/p>\n\n\n\n<p class=\"has-text-color has-very-dark-gray-color\">Sk\u0142adamy Parafianom \u017cyczenia owocnego prze\u017cycia tych wyj\u0105tkowych, tegorocznych \u015awi\u0105t Wielkanocnych i do\u015bwiadczenia obecno\u015bci Boga, <br>kt\u00f3ry zawsze i w ka\u017cdych okoliczno\u015bciach pozwala si\u0119 odnale\u017a\u0107, gdy Go szczerze szukamy.&nbsp;<\/p>\n\n\n\n<p style=\"text-align:right\">Parafialny Zesp\u00f3\u0142 Caritas<br><\/p>\n","protected":false},"excerpt":{"rendered":"<p>Sprzeda\u017c \u015bwiec i barank\u00f3w wielkanocnych W zwi\u0105zku z epidemi\u0105 koronawirusa i wprowadzonymi przez w\u0142adze pa\u0144stwowe ograniczeniami, nie jest mo\u017cliwa sprzeda\u017c \u015bwiec i barank\u00f3w wielkanocnych w zwyczajowej formie. Mo\u017cna je jednak &#8230;<\/p>\n","protected":false},"author":9,"featured_media":0,"comment_status":"closed","ping_status":"open","sticky":false,"template":"","format":"standard","meta":[],"categories":[10],"tags":[],"_links":{"self":[{"href":"http:\/\/www.mbnp.archidiecezja.wroc.pl\/index.php?rest_route=\/wp\/v2\/posts\/4407"}],"collection":[{"href":"http:\/\/www.mbnp.archidiecezja.wroc.pl\/index.php?rest_route=\/wp\/v2\/posts"}],"about":[{"href":"http:\/\/www.mbnp.archidiecezja.wroc.pl\/index.php?rest_route=\/wp\/v2\/types\/post"}],"author":[{"embeddable":true,"href":"http:\/\/www.mbnp.archidiecezja.wroc.pl\/index.php?rest_route=\/wp\/v2\/users\/9"}],"replies":[{"embeddable":true,"href":"http:\/\/www.mbnp.archidiecezja.wroc.pl\/index.php?rest_route=%2Fwp%2Fv2%2Fcomments&post=4407"}],"version-history":[{"count":8,"href":"http:\/\/www.mbnp.archidiecezja.wroc.pl\/index.php?rest_route=\/wp\/v2\/posts\/4407\/revisions"}],"predecessor-version":[{"id":4415,"href":"http:\/\/www.mbnp.archidiecezja.wroc.pl\/index.php?rest_route=\/wp\/v2\/posts\/4407\/revisions\/4415"}],"wp:attachment":[{"href":"http:\/\/www.mbnp.archidiecezja.wroc.pl\/index.php?rest_route=%2Fwp%2Fv2%2Fmedia&parent=4407"}],"wp:term":[{"taxonomy":"category","embeddable":true,"href":"http:\/\/www.mbnp.archidiecezja.wroc.pl\/index.php?rest_route=%2Fwp%2Fv2%2Fcategories&post=4407"},{"taxonomy":"post_tag","embeddable":true,"href":"http:\/\/www.mbnp.archidiecezja.wroc.pl\/index.php?rest_route=%2Fwp%2Fv2%2Ftags&post=4407"}],"curies":[{"name":"wp","href":"https:\/\/api.w.org\/{rel}","templated":true}]}}