{"id":4338,"date":"2020-03-12T19:51:18","date_gmt":"2020-03-12T18:51:18","guid":{"rendered":"http:\/\/www.mbnp.archidiecezja.wroc.pl\/?p=4338"},"modified":"2020-03-29T08:36:30","modified_gmt":"2020-03-29T06:36:30","slug":"transmisje-mszy-swietych","status":"publish","type":"post","link":"http:\/\/www.mbnp.archidiecezja.wroc.pl\/?p=4338","title":{"rendered":"Transmisje Mszy \u015bwi\u0119tych"},"content":{"rendered":"\n<figure class=\"wp-block-image is-resized\"><img decoding=\"async\" loading=\"lazy\" src=\"http:\/\/www.mbnp.archidiecezja.wroc.pl\/wp-content\/uploads\/2020\/03\/christian-liebel-osErKDsrdTc-unsplash-1536x1153-1024x769.jpg\" alt=\"\" class=\"wp-image-4339\" width=\"256\" height=\"192\" srcset=\"http:\/\/www.mbnp.archidiecezja.wroc.pl\/wp-content\/uploads\/2020\/03\/christian-liebel-osErKDsrdTc-unsplash-1536x1153-1024x769.jpg 1024w, http:\/\/www.mbnp.archidiecezja.wroc.pl\/wp-content\/uploads\/2020\/03\/christian-liebel-osErKDsrdTc-unsplash-1536x1153-300x225.jpg 300w, http:\/\/www.mbnp.archidiecezja.wroc.pl\/wp-content\/uploads\/2020\/03\/christian-liebel-osErKDsrdTc-unsplash-1536x1153-768x577.jpg 768w, http:\/\/www.mbnp.archidiecezja.wroc.pl\/wp-content\/uploads\/2020\/03\/christian-liebel-osErKDsrdTc-unsplash-1536x1153.jpg 1536w\" sizes=\"(max-width: 256px) 100vw, 256px\" \/><\/figure>\n\n\n\n<p><strong>Niedziela, 15 marca 2020 r.<\/strong><\/p>\n\n\n\n<p><strong>7:00<\/strong> \u2013 TVP 1<\/p>\n\n\n\n<p><strong>9:00<\/strong> \u2013 Polskie Radio, Program Pierwszy<\/p>\n\n\n\n<p><strong>9:30<\/strong> \u2013 Telewizja TRWAM<\/p>\n\n\n\n<p><strong>11.00<\/strong> \u2013 TVP 1<\/p>\n\n\n\n<p><strong>13:00<\/strong> \u2013 TVP POLONIA<\/p>\n\n\n\n<p>***<\/p>\n\n\n\n<p><strong>Poniedzia\u0142ek, 16 marca 2020 r. \u2013 niedziela, 22 marca 2020 r.<\/strong><\/p>\n\n\n\n<p><strong>7:00<\/strong> \u2013 z Sanktuarium Mi\u0142osierdzia Bo\u017cego w \u0141agiewnikach \u2013 TVP1<\/p>\n\n\n\n<p>***<\/p>\n\n\n\n<p><strong>Poniedzia\u0142ek, 16 marca 2020 r. \u2013 pi\u0105tek, 20 marca 2020 r.<\/strong><\/p>\n\n\n\n<p><strong>20:00<\/strong>\n \u2013 z Jasnej G\u00f3ry w intencji ustania epidemii, TVP3 pasmo og\u00f3lnopolskie \noraz na kanale YouToube dost\u0119pnym na stronach internetowych: www.jasnag\u00f3ra.pl i www. episkopat.pl. <\/p>\n\n\n\n<p>Ponadto, transmisje Mszy \u015awi\u0119tych b\u0119d\u0105 dost\u0119pne za po\u015brednictwem innych telewizji, stacji radiowych oraz w internecie.<\/p>\n","protected":false},"excerpt":{"rendered":"<p>Niedziela, 15 marca 2020 r. 7:00 \u2013 TVP 1 9:00 \u2013 Polskie Radio, Program Pierwszy 9:30 \u2013 Telewizja TRWAM 11.00 \u2013 TVP 1 13:00 \u2013 TVP POLONIA *** Poniedzia\u0142ek, 16 &#8230;<\/p>\n","protected":false},"author":7,"featured_media":0,"comment_status":"closed","ping_status":"closed","sticky":false,"template":"","format":"standard","meta":[],"categories":[10],"tags":[],"_links":{"self":[{"href":"http:\/\/www.mbnp.archidiecezja.wroc.pl\/index.php?rest_route=\/wp\/v2\/posts\/4338"}],"collection":[{"href":"http:\/\/www.mbnp.archidiecezja.wroc.pl\/index.php?rest_route=\/wp\/v2\/posts"}],"about":[{"href":"http:\/\/www.mbnp.archidiecezja.wroc.pl\/index.php?rest_route=\/wp\/v2\/types\/post"}],"author":[{"embeddable":true,"href":"http:\/\/www.mbnp.archidiecezja.wroc.pl\/index.php?rest_route=\/wp\/v2\/users\/7"}],"replies":[{"embeddable":true,"href":"http:\/\/www.mbnp.archidiecezja.wroc.pl\/index.php?rest_route=%2Fwp%2Fv2%2Fcomments&post=4338"}],"version-history":[{"count":2,"href":"http:\/\/www.mbnp.archidiecezja.wroc.pl\/index.php?rest_route=\/wp\/v2\/posts\/4338\/revisions"}],"predecessor-version":[{"id":4341,"href":"http:\/\/www.mbnp.archidiecezja.wroc.pl\/index.php?rest_route=\/wp\/v2\/posts\/4338\/revisions\/4341"}],"wp:attachment":[{"href":"http:\/\/www.mbnp.archidiecezja.wroc.pl\/index.php?rest_route=%2Fwp%2Fv2%2Fmedia&parent=4338"}],"wp:term":[{"taxonomy":"category","embeddable":true,"href":"http:\/\/www.mbnp.archidiecezja.wroc.pl\/index.php?rest_route=%2Fwp%2Fv2%2Fcategories&post=4338"},{"taxonomy":"post_tag","embeddable":true,"href":"http:\/\/www.mbnp.archidiecezja.wroc.pl\/index.php?rest_route=%2Fwp%2Fv2%2Ftags&post=4338"}],"curies":[{"name":"wp","href":"https:\/\/api.w.org\/{rel}","templated":true}]}}