{"id":4330,"date":"2020-03-12T14:25:03","date_gmt":"2020-03-12T13:25:03","guid":{"rendered":"http:\/\/www.mbnp.archidiecezja.wroc.pl\/?p=4330"},"modified":"2020-03-29T08:36:43","modified_gmt":"2020-03-29T06:36:43","slug":"komunikat-episkopatu-polski","status":"publish","type":"post","link":"http:\/\/www.mbnp.archidiecezja.wroc.pl\/?p=4330","title":{"rendered":"Komunikat Episkopatu Polski"},"content":{"rendered":"\n<figure class=\"wp-block-image is-resized\"><img decoding=\"async\" loading=\"lazy\" src=\"http:\/\/www.mbnp.archidiecezja.wroc.pl\/wp-content\/uploads\/2020\/03\/unnamed.jpg\" alt=\"\" class=\"wp-image-4331\" width=\"580\" height=\"386\" srcset=\"http:\/\/www.mbnp.archidiecezja.wroc.pl\/wp-content\/uploads\/2020\/03\/unnamed.jpg 512w, http:\/\/www.mbnp.archidiecezja.wroc.pl\/wp-content\/uploads\/2020\/03\/unnamed-300x200.jpg 300w\" sizes=\"(max-width: 580px) 100vw, 580px\" \/><\/figure>\n\n\n\n<p><strong>Zasady post\u0119powania na najbli\u017csze dni \u2013 komunikat Rady\nSta\u0142ej KEP<\/strong><\/p>\n\n\n\n<p>Z wiar\u0105 w Opatrzno\u015b\u0107 Bo\u017c\u0105 i w trosce o \u017cycie i zdrowie spo\u0142ecze\u0144stwa i w\nnawi\u0105zaniu do komunikat\u00f3w Przewodnicz\u0105cego Konferencji Episkopatu Polski\npodejmujemy decyzj\u0119 o wprowadzeniu prewencyjnych \u015brodk\u00f3w ostro\u017cno\u015bci w sytuacji\nzagro\u017cenia koronawirusem.<\/p>\n\n\n\n<p>Ko\u015bci\u00f3\u0142 od dw\u00f3ch tysi\u0105cleci s\u0142u\u017cy osobom chorym i potrzebuj\u0105cym, nawet w\nczasach epidemii, nie rezygnuj\u0105c z g\u0142oszenia Ewangelii oraz sprawowania\nsakrament\u00f3w \u015bwi\u0119tych.<\/p>\n\n\n\n<p>1. Maj\u0105c na uwadze zagro\u017cenie zdrowia oraz \u017cycia (zgodnie z kan. 87 par. 1,\n1245 i kan. 1248 par. 2 Kodeksu Prawa Kanonicznego), rekomendujemy biskupom\ndiecezjalnym udzielenie dyspensy od obowi\u0105zku niedzielnego uczestnictwa we Mszy\n\u015awi\u0119tej do dnia 29 marca br. nast\u0119puj\u0105cym wiernym:<\/p>\n\n\n\n<p>a. osobom w podesz\u0142ym wieku,<\/p>\n\n\n\n<p>b. osobom z objawami infekcji (np. kaszel, katar, podwy\u017cszona temperatura,\nitp.),<\/p>\n\n\n\n<p>c. dzieciom i m\u0142odzie\u017cy szkolnej oraz doros\u0142ym, kt\u00f3rzy sprawuj\u0105 nad nimi\nbezpo\u015bredni\u0105 opiek\u0119,<\/p>\n\n\n\n<p>d. osobom, kt\u00f3re czuj\u0105 obaw\u0119 przed zara\u017ceniem.<\/p>\n\n\n\n<p>Skorzystanie z dyspensy oznacza, \u017ce nieobecno\u015b\u0107 na Mszy niedzielnej we\nwskazanym czasie nie jest grzechem. Jednocze\u015bnie zach\u0119camy, aby osoby\nkorzystaj\u0105ce z dyspensy trwa\u0142y na osobistej i rodzinnej modlitwie. Zach\u0119camy\nte\u017c do duchowej \u0142\u0105czno\u015bci ze wsp\u00f3lnot\u0105 Ko\u015bcio\u0142a poprzez transmisje radiowe,\ntelewizyjne lub internetowe.<\/p>\n\n\n\n<p>2. W czasie liturgii do dnia 29 marca br. nale\u017cy przestrzega\u0107 w ko\u015bcio\u0142ach\nnast\u0119puj\u0105cych zasad:<\/p>\n\n\n\n<p>a. kap\u0142ani i nadzwyczajni szafarze Komunii \u015awi\u0119tej przed rozpocz\u0119ciem\nliturgii powinni dok\u0142adnie umy\u0107 r\u0119ce i kierowa\u0107 si\u0119 zasadami higieny,<\/p>\n\n\n\n<p>b. przypominamy, \u017ce przepisy liturgiczne Ko\u015bcio\u0142a przewiduj\u0105 przyjmowanie\nKomunii \u015awi\u0119tej na r\u0119k\u0119, do czego teraz zach\u0119camy,<\/p>\n\n\n\n<p>c. znak pokoju nale\u017cy przekazywa\u0107 przez skinienie g\u0142owy, bez podawania r\u0105k,<\/p>\n\n\n\n<p>d. cze\u015b\u0107 Krzy\u017cowi nale\u017cy oddawa\u0107 przez przykl\u0119kni\u0119cie lub g\u0142\u0119boki sk\u0142on,\nbez kontaktu bezpo\u015bredniego,<\/p>\n\n\n\n<p>e. nale\u017cy powstrzyma\u0107 si\u0119 ponadto od oddawania czci relikwiom poprzez\npoca\u0142unek lub dotkni\u0119cie,<\/p>\n\n\n\n<p>f. na kratki konfesjona\u0142\u00f3w nale\u017cy na\u0142o\u017cy\u0107 folie ochronne,<\/p>\n\n\n\n<p>g. rezygnujemy z nape\u0142niania kropielnic ko\u015bcielnych wod\u0105 \u015bwi\u0119con\u0105.<\/p>\n\n\n\n<p>3. W obecnej sytuacji przypominamy, \u017ce \u201etak jak szpitale lecz\u0105 choroby\ncia\u0142a, tak ko\u015bcio\u0142y s\u0142u\u017c\u0105 m.in. leczeniu chor\u00f3b ducha, dlatego jest\nniewyobra\u017calne, aby\u015bmy nie modlili si\u0119 w naszych ko\u015bcio\u0142ach\u201d (Komunikat\nPrzewodnicz\u0105cego Konferencji Episkopatu Polski, abp. S. G\u0105deckiego,\n10.03.2020). W zwi\u0105zku z tym zach\u0119camy wszystkich wiernych, aby poza liturgi\u0105\nnawiedzali ko\u015bcio\u0142y na gorliw\u0105 modlitw\u0119 osobist\u0105. Polecamy duszpasterzom:<\/p>\n\n\n\n<p>a. aby ko\u015bcio\u0142y pozostawa\u0142y otwarte w ci\u0105gu dnia,<\/p>\n\n\n\n<p>b. aby kap\u0142ani troszczyli si\u0119 o dodatkowe okazje do spowiedzi i adoracji\nNaj\u015bwi\u0119tszego Sakramentu,<\/p>\n\n\n\n<p>c. aby \u2013 przy zachowaniu nale\u017cytych zasad higieny \u2013 kap\u0142ani i nadzwyczajni\nszafarze odwiedzali chorych i starszych parafian z pos\u0142ug\u0105 sakramentaln\u0105.<\/p>\n\n\n\n<p>4. Jednocze\u015bnie informujemy, \u017ce do dnia 29 marca br.:<\/p>\n\n\n\n<p>a. liturgie z udzieleniem sakramentu bierzmowania przeniesione zostaj\u0105 na\nterminy p\u00f3\u017aniejsze,<\/p>\n\n\n\n<p>b. zawieszone zostaj\u0105 pielgrzymki maturzyst\u00f3w na Jasn\u0105 G\u00f3r\u0119 oraz rekolekcje\nszkolne organizowane przez parafie. Jednocze\u015bnie prosimy \u015brodki spo\u0142ecznego\nprzekazu oraz duchownych o propozycje rekolekcji w internecie, kt\u00f3re w ten\nspos\u00f3b mog\u0105 by\u0107 prze\u017cywane w domu,<\/p>\n\n\n\n<p>c. sprawy rekolekcji dla doros\u0142ych oraz organizacj\u0119 innych spotka\u0144\npozostawia si\u0119 roztropnemu rozeznaniu ksi\u0119\u017cy proboszcz\u00f3w.<\/p>\n\n\n\n<p>Prosimy o solidarno\u015b\u0107 z osobami starszymi i potrzebuj\u0105cymi, np. poprzez\npomoc w zakupach. Prosimy wszystkich ludzi wierz\u0105cych o modlitw\u0119 w intencji\nochrony przed chorobami, a tak\u017ce o pok\u00f3j serc i \u0142ask\u0119 g\u0142\u0119bokiego nawr\u00f3cenia dla\nka\u017cdego z nas. Dobremu Bogu polecajmy wszystkich zmar\u0142ych na skutek\nkoronawirusa. M\u00f3dlmy si\u0119 o zdrowie dla chorych, tych, kt\u00f3rzy si\u0119 nimi opiekuj\u0105,\nlekarzy i personelu medycznego oraz wszystkich s\u0142u\u017cb sanitarnych. M\u00f3dlmy si\u0119 o\nwyga\u015bni\u0119cie epidemii. Zgodnie z Tradycj\u0105 Ko\u015bcio\u0142a zach\u0119camy do \u015bpiewania w\nnaszych ko\u015bcio\u0142ach suplikacji \u201e\u015awi\u0119ty Bo\u017ce, \u015awi\u0119ty Mocny\u2026 Od powietrza, g\u0142odu,\nognia i wojny, zachowaj nas Panie\u201d.<\/p>\n\n\n\n<p><strong>Rada Sta\u0142a Konferencji Episkopatu Polski<\/strong><\/p>\n","protected":false},"excerpt":{"rendered":"<p>Zasady post\u0119powania na najbli\u017csze dni \u2013 komunikat Rady Sta\u0142ej KEP Z wiar\u0105 w Opatrzno\u015b\u0107 Bo\u017c\u0105 i w trosce o \u017cycie i zdrowie spo\u0142ecze\u0144stwa i w nawi\u0105zaniu do komunikat\u00f3w Przewodnicz\u0105cego Konferencji &#8230;<\/p>\n","protected":false},"author":7,"featured_media":0,"comment_status":"closed","ping_status":"closed","sticky":false,"template":"","format":"standard","meta":[],"categories":[10],"tags":[],"_links":{"self":[{"href":"http:\/\/www.mbnp.archidiecezja.wroc.pl\/index.php?rest_route=\/wp\/v2\/posts\/4330"}],"collection":[{"href":"http:\/\/www.mbnp.archidiecezja.wroc.pl\/index.php?rest_route=\/wp\/v2\/posts"}],"about":[{"href":"http:\/\/www.mbnp.archidiecezja.wroc.pl\/index.php?rest_route=\/wp\/v2\/types\/post"}],"author":[{"embeddable":true,"href":"http:\/\/www.mbnp.archidiecezja.wroc.pl\/index.php?rest_route=\/wp\/v2\/users\/7"}],"replies":[{"embeddable":true,"href":"http:\/\/www.mbnp.archidiecezja.wroc.pl\/index.php?rest_route=%2Fwp%2Fv2%2Fcomments&post=4330"}],"version-history":[{"count":3,"href":"http:\/\/www.mbnp.archidiecezja.wroc.pl\/index.php?rest_route=\/wp\/v2\/posts\/4330\/revisions"}],"predecessor-version":[{"id":4334,"href":"http:\/\/www.mbnp.archidiecezja.wroc.pl\/index.php?rest_route=\/wp\/v2\/posts\/4330\/revisions\/4334"}],"wp:attachment":[{"href":"http:\/\/www.mbnp.archidiecezja.wroc.pl\/index.php?rest_route=%2Fwp%2Fv2%2Fmedia&parent=4330"}],"wp:term":[{"taxonomy":"category","embeddable":true,"href":"http:\/\/www.mbnp.archidiecezja.wroc.pl\/index.php?rest_route=%2Fwp%2Fv2%2Fcategories&post=4330"},{"taxonomy":"post_tag","embeddable":true,"href":"http:\/\/www.mbnp.archidiecezja.wroc.pl\/index.php?rest_route=%2Fwp%2Fv2%2Ftags&post=4330"}],"curies":[{"name":"wp","href":"https:\/\/api.w.org\/{rel}","templated":true}]}}