{"id":4311,"date":"2020-02-27T07:23:57","date_gmt":"2020-02-27T06:23:57","guid":{"rendered":"http:\/\/www.mbnp.archidiecezja.wroc.pl\/?p=4311"},"modified":"2020-03-29T16:21:52","modified_gmt":"2020-03-29T14:21:52","slug":"scholi-liturgiczna-zaprasza","status":"publish","type":"post","link":"http:\/\/www.mbnp.archidiecezja.wroc.pl\/?p=4311","title":{"rendered":"Schola Liturgiczna zaprasza:)"},"content":{"rendered":"\n<figure class=\"wp-block-image\"><img decoding=\"async\" loading=\"lazy\" width=\"743\" height=\"1024\" src=\"http:\/\/www.mbnp.archidiecezja.wroc.pl\/wp-content\/uploads\/2020\/02\/2013_NYR_02706_0197_000gradual_-_christ_and_two_apostles_in_an_initial_a_on_a_bifolium_from-743x1024.jpg\" alt=\"\" class=\"wp-image-4312\" srcset=\"http:\/\/www.mbnp.archidiecezja.wroc.pl\/wp-content\/uploads\/2020\/02\/2013_NYR_02706_0197_000gradual_-_christ_and_two_apostles_in_an_initial_a_on_a_bifolium_from-743x1024.jpg 743w, http:\/\/www.mbnp.archidiecezja.wroc.pl\/wp-content\/uploads\/2020\/02\/2013_NYR_02706_0197_000gradual_-_christ_and_two_apostles_in_an_initial_a_on_a_bifolium_from-218x300.jpg 218w, http:\/\/www.mbnp.archidiecezja.wroc.pl\/wp-content\/uploads\/2020\/02\/2013_NYR_02706_0197_000gradual_-_christ_and_two_apostles_in_an_initial_a_on_a_bifolium_from-768x1058.jpg 768w\" sizes=\"(max-width: 743px) 100vw, 743px\" \/><\/figure>\n\n\n<p>Schola Liturgiczna zaprasza m\u0142odzie\u017c ucz\u0105c\u0105 si\u0119 i studiuj\u0105c\u0105 oraz osoby aktywne zawodowo do w\u0142\u0105czenia si\u0119 w przygotowania \u015bpiew\u00f3w liturgii Triduum Paschalnego. Warunkiem jest posiadanie podstawowych predyspozycji s\u0142uchowych i g\u0142osowych. Pr\u00f3by Scholi odbywaj\u0105 si\u0119 w czwartki, w godzinach: 19:00- 20:30, ale mo\u017cna r\u00f3wnie\u017c w tej sprawie kontaktowa\u0107 si\u0119 z Pani\u0105 Organistk\u0105.<\/p>","protected":false},"excerpt":{"rendered":"<p>Schola Liturgiczna zaprasza m\u0142odzie\u017c ucz\u0105c\u0105 si\u0119 i studiuj\u0105c\u0105 oraz osoby aktywne zawodowo do w\u0142\u0105czenia si\u0119 w przygotowania \u015bpiew\u00f3w liturgii Triduum Paschalnego. Warunkiem jest posiadanie podstawowych predyspozycji s\u0142uchowych i g\u0142osowych. Pr\u00f3by &#8230;<\/p>\n","protected":false},"author":7,"featured_media":0,"comment_status":"closed","ping_status":"closed","sticky":false,"template":"","format":"standard","meta":[],"categories":[10],"tags":[],"_links":{"self":[{"href":"http:\/\/www.mbnp.archidiecezja.wroc.pl\/index.php?rest_route=\/wp\/v2\/posts\/4311"}],"collection":[{"href":"http:\/\/www.mbnp.archidiecezja.wroc.pl\/index.php?rest_route=\/wp\/v2\/posts"}],"about":[{"href":"http:\/\/www.mbnp.archidiecezja.wroc.pl\/index.php?rest_route=\/wp\/v2\/types\/post"}],"author":[{"embeddable":true,"href":"http:\/\/www.mbnp.archidiecezja.wroc.pl\/index.php?rest_route=\/wp\/v2\/users\/7"}],"replies":[{"embeddable":true,"href":"http:\/\/www.mbnp.archidiecezja.wroc.pl\/index.php?rest_route=%2Fwp%2Fv2%2Fcomments&post=4311"}],"version-history":[{"count":3,"href":"http:\/\/www.mbnp.archidiecezja.wroc.pl\/index.php?rest_route=\/wp\/v2\/posts\/4311\/revisions"}],"predecessor-version":[{"id":4319,"href":"http:\/\/www.mbnp.archidiecezja.wroc.pl\/index.php?rest_route=\/wp\/v2\/posts\/4311\/revisions\/4319"}],"wp:attachment":[{"href":"http:\/\/www.mbnp.archidiecezja.wroc.pl\/index.php?rest_route=%2Fwp%2Fv2%2Fmedia&parent=4311"}],"wp:term":[{"taxonomy":"category","embeddable":true,"href":"http:\/\/www.mbnp.archidiecezja.wroc.pl\/index.php?rest_route=%2Fwp%2Fv2%2Fcategories&post=4311"},{"taxonomy":"post_tag","embeddable":true,"href":"http:\/\/www.mbnp.archidiecezja.wroc.pl\/index.php?rest_route=%2Fwp%2Fv2%2Ftags&post=4311"}],"curies":[{"name":"wp","href":"https:\/\/api.w.org\/{rel}","templated":true}]}}