{"id":4277,"date":"2020-02-10T17:57:42","date_gmt":"2020-02-10T16:57:42","guid":{"rendered":"http:\/\/www.mbnp.archidiecezja.wroc.pl\/?p=4277"},"modified":"2020-03-29T16:23:24","modified_gmt":"2020-03-29T14:23:24","slug":"beatyfikacja-prymasa-tysiaclecia","status":"publish","type":"post","link":"http:\/\/www.mbnp.archidiecezja.wroc.pl\/?p=4277","title":{"rendered":"Beatyfikacja Prymasa Tysi\u0105clecia"},"content":{"rendered":"\n<p>Wielkimi krokami zbli\u017ca si\u0119 d\u0142ugo wyczekiwana beatyfikacja Prymasa Tysi\u0105clecia. Wydarzenie to bedzie mia\u0142o miejsce 7 czerwca, w Warszawie. Zach\u0119camy, aby czas dziel\u0105cy nas do tego dnia wykorzysta\u0107 na modlitw\u0119 za przyczyn\u0105 Kandydata na O\u0142tarze i zg\u0142\u0119bianie Jego duchowego dziedzictwa. Mo\u017cna to zrobi\u0107 m. in. korzystaj\u0105c z materia\u0142\u00f3w zamieszczanych na poni\u017cszej stronie    <a href=\"https:\/\/wyszynskiprymas.pl\">https:\/\/wyszynskiprymas.pl<\/a><\/p>\n\n\n\n<p>  <a href=\"https:\/\/wyszynskiprymas.pl\"><\/a><\/p>\n\n\n\n<figure class=\"wp-block-image\"><img decoding=\"async\" loading=\"lazy\" width=\"180\" height=\"240\" src=\"http:\/\/www.mbnp.archidiecezja.wroc.pl\/wp-content\/uploads\/2020\/02\/180px-Stefan_Wyszy\u0144ski-1.jpg\" alt=\"\" class=\"wp-image-4282\"\/><figcaption>S\u0142uga Bo\u017cy Kardyna\u0142 Stefan Wyszy\u0144ski <\/figcaption><\/figure>\n","protected":false},"excerpt":{"rendered":"<p>Wielkimi krokami zbli\u017ca si\u0119 d\u0142ugo wyczekiwana beatyfikacja Prymasa Tysi\u0105clecia. Wydarzenie to bedzie mia\u0142o miejsce 7 czerwca, w Warszawie. Zach\u0119camy, aby czas dziel\u0105cy nas do tego dnia wykorzysta\u0107 na modlitw\u0119 za &#8230;<\/p>\n","protected":false},"author":7,"featured_media":4281,"comment_status":"closed","ping_status":"closed","sticky":false,"template":"","format":"standard","meta":[],"categories":[10],"tags":[],"_links":{"self":[{"href":"http:\/\/www.mbnp.archidiecezja.wroc.pl\/index.php?rest_route=\/wp\/v2\/posts\/4277"}],"collection":[{"href":"http:\/\/www.mbnp.archidiecezja.wroc.pl\/index.php?rest_route=\/wp\/v2\/posts"}],"about":[{"href":"http:\/\/www.mbnp.archidiecezja.wroc.pl\/index.php?rest_route=\/wp\/v2\/types\/post"}],"author":[{"embeddable":true,"href":"http:\/\/www.mbnp.archidiecezja.wroc.pl\/index.php?rest_route=\/wp\/v2\/users\/7"}],"replies":[{"embeddable":true,"href":"http:\/\/www.mbnp.archidiecezja.wroc.pl\/index.php?rest_route=%2Fwp%2Fv2%2Fcomments&post=4277"}],"version-history":[{"count":5,"href":"http:\/\/www.mbnp.archidiecezja.wroc.pl\/index.php?rest_route=\/wp\/v2\/posts\/4277\/revisions"}],"predecessor-version":[{"id":4286,"href":"http:\/\/www.mbnp.archidiecezja.wroc.pl\/index.php?rest_route=\/wp\/v2\/posts\/4277\/revisions\/4286"}],"wp:featuredmedia":[{"embeddable":true,"href":"http:\/\/www.mbnp.archidiecezja.wroc.pl\/index.php?rest_route=\/wp\/v2\/media\/4281"}],"wp:attachment":[{"href":"http:\/\/www.mbnp.archidiecezja.wroc.pl\/index.php?rest_route=%2Fwp%2Fv2%2Fmedia&parent=4277"}],"wp:term":[{"taxonomy":"category","embeddable":true,"href":"http:\/\/www.mbnp.archidiecezja.wroc.pl\/index.php?rest_route=%2Fwp%2Fv2%2Fcategories&post=4277"},{"taxonomy":"post_tag","embeddable":true,"href":"http:\/\/www.mbnp.archidiecezja.wroc.pl\/index.php?rest_route=%2Fwp%2Fv2%2Ftags&post=4277"}],"curies":[{"name":"wp","href":"https:\/\/api.w.org\/{rel}","templated":true}]}}