{"id":4273,"date":"2022-02-01T15:39:19","date_gmt":"2022-02-01T14:39:19","guid":{"rendered":"http:\/\/www.mbnp.archidiecezja.wroc.pl\/?p=4273"},"modified":"2022-03-06T08:55:43","modified_gmt":"2022-03-06T07:55:43","slug":"sakrament-namaszczenia-chorych","status":"publish","type":"post","link":"http:\/\/www.mbnp.archidiecezja.wroc.pl\/?p=4273","title":{"rendered":"\u015awiatowy Dzie\u0144 Chorego"},"content":{"rendered":"\n<p>11 lutego, w dniu liturgicznego wspomnienia NMP z Lourdes, z ustanowienia \u015bw. Jana Paw\u0142a II obchodzimy \u015awiatowy Dzie\u0144 Chorych. Tego dnia, niemal\u017ce we wszystkich ko\u015bcio\u0142ach, udzielany jest sakrament namaszczenia chorych, kt\u00f3ry nie jest &#8222;ostatnim namaszczeniem&#8221;, ale jednym z trzech sakrament\u00f3w uzdrowienia chrze\u015bcija\u0144skiego. Tego dnia, r\u00f3wnie\u017c w naszej \u015bwi\u0105tyni, w czasie Mszy \u015bw. o godz. 18:00, zostanie udzielony ten sakrament wszystkim, kt\u00f3rzy potrzebuj\u0105 uzdrowienia. Sakrament bezie udzielany z zachowaniem zasad sanitarnych.<\/p>\n\n\n\n<figure class=\"wp-block-image\"><img decoding=\"async\" loading=\"lazy\" width=\"318\" height=\"159\" src=\"http:\/\/www.mbnp.archidiecezja.wroc.pl\/wp-content\/uploads\/2022\/02\/indeks.jpg\" alt=\"\" class=\"wp-image-5747\" srcset=\"http:\/\/www.mbnp.archidiecezja.wroc.pl\/wp-content\/uploads\/2022\/02\/indeks.jpg 318w, http:\/\/www.mbnp.archidiecezja.wroc.pl\/wp-content\/uploads\/2022\/02\/indeks-300x150.jpg 300w\" sizes=\"(max-width: 318px) 100vw, 318px\" \/><\/figure>\n\n\n<p>Jak co roku, tak te\u017c i w obecnie papie\u017c wystosowa\u0142 z tej okazji Or\u0119dzie, kt\u00f3rego my\u015bl\u0105 przewodnia jest jedno z Jezusowych b\u0142ogos\u0142awie\u0144stw: &#8222;<b><i><span class=\"color-text\">B\u0105d\u017acie mi\u0142osierni, jak Ojciec wasz jest mi\u0142osierny\u201d (\u0141k 6, 36).\u00a0 <\/span><\/i><\/b><span class=\"color-text\">Pod zamieszczonym poni\u017cej linkiem mo\u017cna znale\u017a\u0107 ca\u0142y jego tekst: <a href=\"https:\/\/www.vatican.va\/content\/francesco\/pl\/messages\/sick\/documents\/20211210_30-giornata-malato.html\">https:\/\/www.vatican.va\/content\/francesco\/pl\/messages\/sick\/documents\/20211210_30-giornata-malato.html<\/a><br \/><\/span><\/p>\n\n\n<p>Przy tej okazji warto przypomnie\u0107 kilka wa\u017cnych informacji na temat istoty tego sakramentu. Przytoczony poni\u017cej tekst zaczerpni\u0119ty zosta\u0142 z portalu www.teologia.pl. \u017byczymy owocnej lektury.<\/p>\n\n\n\n<p>SAKRAMENT NAMASZCZENIA CHORYCH<\/p>\n\n\n\n<p>Ka\u017cdy z siedmiu sakrament\u00f3w jest \u015brodkiem, przez kt\u00f3ry zmartwychwsta\u0142y Pan, moc\u0105 swojego Ducha, udziela cz\u0142owiekowi r\u00f3\u017cnych zbawczych \u0142ask. Ko\u015bci\u00f3\u0142 katolicki naucza, \u017ce r\u00f3wnie\u017c sakrament namaszczenia chorych jest jednym z sakrament\u00f3w ustanowionych przez Chrystusa. Wspomina o nim \u015bw. Marek oraz \u015bw. Jakub.<\/p>\n\n\n\n<ol><li>Kto mo\u017ce przyj\u0119\u0107 sakrament namaszczenia chorych?&nbsp;Mk 6,13<\/li><\/ol>\n\n\n\n<p>Sakrament namaszczenia chorych rodzi u niekt\u00f3rych katolik\u00f3w wiele l\u0119k\u00f3w i obaw. Do\u015b\u0107 cz\u0119sto wzywaj\u0105 kap\u0142ana dopiero wtedy, gdy chory ju\u017c umar\u0142, poniewa\u017c obawiaj\u0105 si\u0119, by nie przerazi\u0107 zbytnio konaj\u0105cego propozycj\u0105 przyj\u0119cia tego sakramentu. Tymczasem sakramentu tego nie udziela si\u0119 wy\u0142\u0105cznie konaj\u0105cym. Zosta\u0142a nawet zmieniona jego nazwa z \u201eostatniego namaszczenia\u201d na \u201esakrament namaszczenia chorych\u201d. Mo\u017ce go przyj\u0105\u0107 osoba powa\u017cnie chora, os\u0142abiona przez wiek; nie udziela si\u0119 go natomiast cz\u0142owiekowi, kt\u00f3ry z pewno\u015bci\u0105 ju\u017c umar\u0142. \u201eKap\u0142an wezwany do chorego, kt\u00f3ry ju\u017c umar\u0142, niech b\u0142aga Boga, aby go uwolni\u0142 od grzech\u00f3w i przyj\u0105\u0142 lito\u015bciwie do swego Kr\u00f3lestwa; namaszczenia natomiast niech nie udziela. Je\u015bli istnieje w\u0105tpliwo\u015b\u0107, czy chory zmar\u0142 naprawd\u0119, mo\u017ce mu udzieli\u0107 tego sakramentu warunkowo\u201d. W ci\u0105gu \u017cycia mo\u017cna wielokrotnie przyj\u0105\u0107 ten sakrament, co ma miejsce wtedy, gdy kto\u015b wiele razy popada w powa\u017cn\u0105 chorob\u0119.<\/p>\n\n\n\n<ol><li>W jaki spos\u00f3b udziela si\u0119 sakramentu chorych?<\/li><\/ol>\n\n\n\n<p>Sakramentu tego udziela kap\u0142an w ten spos\u00f3b, \u017ce namaszczaj\u0105c chorych na czole i d\u0142oniach olejami wymawia nast\u0119puj\u0105ce s\u0142owa: \u201ePrzez to \u015bwi\u0119te namaszczenie niech Pan w swoim niesko\u0144czonym mi\u0142osierdziu wspomo\u017ce ciebie \u0142ask\u0105 Ducha \u015awi\u0119tego. Amen. Pan, kt\u00f3ry odpuszcza ci grzechy, niech ci\u0119 wybawi i \u0142askawie pod\u017awignie. Amen.<\/p>\n\n\n\n<ol><li>Jakie \u0142aski otrzymuje cz\u0142owiek w sakramencie namaszczenia chorych?&nbsp;Jk 5,14-15<\/li><\/ol>\n\n\n\n<p>Udzielenie sakramentu chorych nie ma na celu -jak si\u0119 nieraz s\u0105dzi &#8211; wy\u0142\u0105cznie przygotowania cz\u0142owieka na \u015bmier\u0107, lecz r\u00f3wnie\u017c umocnienie go w jego cierpieniach. \u201eCz\u0142owiek niebezpiecznie chory potrzebuje szczeg\u00f3lnej \u0142aski Bo\u017cej, aby pod wp\u0142ywem l\u0119ku nie upad\u0142 na duchu i podlegaj\u0105c pokusom nie zachwia\u0142 si\u0119 w wierze. Dlatego Chrystus w sakramencie namaszczenia daje swoim wiernym, dotkni\u0119tym choroba, pot\u0119\u017cn\u0105 moc i obron\u0119\u201d. \u201eSakrament ten udziela choremu \u0142aski Ducha \u015awi\u0119tego, kt\u00f3ra pomaga ca\u0142emu cz\u0142owiekowi do zbawienia, a mianowicie umacnia ufno\u015b\u0107 w Bogu, uzbraja przeciw pokusom szatana i trwodze \u015bmierci. Dzi\u0119ki tej pomocy chory mo\u017ce nie tylko znosi\u0107 dolegliwo\u015bci choroby, ale tak\u017ce je przezwyci\u0119\u017ca\u0107 i odzyska\u0107 zdrowie, je\u017celi to jest po\u017cyteczne dla zbawienia jego duszy. Je\u017celi jest to potrzebne, namaszczenie odpuszcza grzechy i staje si\u0119 dope\u0142nieniem chrze\u015bcija\u0144skiej pokuty\u201d. W sakramencie namaszczenia chorych cz\u0142owiek dost\u0119puje udzia\u0142u w zbawczej m\u0119ce i \u015bmierci Chrystusa. Ko\u015bci\u00f3\u0142 zach\u0119ca wszystkich cierpi\u0105cych, chorych i umieraj\u0105cych, aby \u015bwiadomie \u0142\u0105czyli si\u0119 z m\u0119k\u0105 i \u015bmierci\u0105 Chrystusa i w ten spos\u00f3b przysparzali dobra ca\u0142emu ludowi Bo\u017cemu, przyczyniaj\u0105c si\u0119 do jego zbawienia. Sakrament ten jest niejako konsekracj\u0105 chorego, aby przez swoje cierpienia skutecznie przyczynia\u0142 si\u0119 do zbawiania \u015bwiata oraz aby przez \u015bmier\u0107 sam wszed\u0142 do chwa\u0142y niebieskiej. Wielu teolog\u00f3w twierdzi, \u017ce przez sakrament namaszczenia chorych Chrystus g\u0142adzi cz\u0142owiekowi, przyjmuj\u0105cemu go w dobrej dyspozycji, nie tylko grzechy, ale r\u00f3wnie\u017c i wszystkie nale\u017cne za nie kary, dzi\u0119ki czemu zaraz po \u015bmierci przechodzi on do chwa\u0142y nieba.<\/p>\n\n\n\n<ol><li>Co nale\u017cy przygotowa\u0107, kiedy wzywamy kap\u0142ana do chorego?<\/li><\/ol>\n\n\n\n<p>Przed przyj\u015bciem kap\u0142ana nale\u017cy przygotowa\u0107 stolik przykryty bia\u0142ym obrusem, na kt\u00f3rym stawia si\u0119 zapalone \u015bwiece, krzy\u017c, ewentualnie wod\u0119 \u015bwi\u0119con\u0105 i troch\u0119 waty Je\u015bli nie ma wody \u015bwi\u0119conej, mo\u017cna u\u017cy\u0107 wody zwyk\u0142ej i poprosi\u0107 kap\u0142ana o po\u015bwi\u0119cenie jej. Na tak przygotowanym stoliku k\u0142adzie kap\u0142an Naj\u015bwi\u0119tszy Sakrament oraz oleje.<\/p>\n\n\n\n<p>PODSUMOWANIE<\/p>\n\n\n\n<p>We wszystkich sytuacjach \u017cyciowych Chrystus obdarowuje nas swoimi \u0142askami, koniecznymi do spe\u0142nienia powierzonych nam przez Niego nowych zada\u0144 i do naszego u\u015bwi\u0119cenia. Ma to miejsce r\u00f3wnie\u017c w wypadku choroby chrze\u015bcijanina. Przez sakrament namaszczenia Zbawiciel umacnia cierpi\u0105c\u0105 osob\u0119, w\u0142\u0105cza j\u0105 w tajemnic\u0119 swojej zbawczej m\u0119ki i \u015bmierci, odpuszcza jej grzechy i u\u015bwi\u0119ca j\u0105. Dzi\u0119ki \u0142asce tego sakramentu chory lub umieraj\u0105cy cz\u0142owiek zyskuje pomoc dla w\u0142asnego zbawienia, a r\u00f3wnocze\u015bnie przez swoje cierpienie i \u015bmier\u0107 przymna\u017ca r\u00f3\u017cnych zbawczych dar\u00f3w ca\u0142emu Ko\u015bcio\u0142owi.<\/p>\n\n\n\n<figure class=\"wp-block-image\"><img decoding=\"async\" loading=\"lazy\" width=\"624\" height=\"400\" src=\"http:\/\/www.mbnp.archidiecezja.wroc.pl\/wp-content\/uploads\/2020\/02\/1410860524.jpg\" alt=\"\" class=\"wp-image-4284\" srcset=\"http:\/\/www.mbnp.archidiecezja.wroc.pl\/wp-content\/uploads\/2020\/02\/1410860524.jpg 624w, http:\/\/www.mbnp.archidiecezja.wroc.pl\/wp-content\/uploads\/2020\/02\/1410860524-300x192.jpg 300w\" sizes=\"(max-width: 624px) 100vw, 624px\" \/><\/figure>\n","protected":false},"excerpt":{"rendered":"<p>11 lutego, w dniu liturgicznego wspomnienia NMP z Lourdes, z ustanowienia \u015bw. Jana Paw\u0142a II obchodzimy \u015awiatowy Dzie\u0144 Chorych. Tego dnia, niemal\u017ce we wszystkich ko\u015bcio\u0142ach, udzielany jest sakrament namaszczenia chorych, &#8230;<\/p>\n","protected":false},"author":7,"featured_media":0,"comment_status":"closed","ping_status":"closed","sticky":false,"template":"","format":"standard","meta":[],"categories":[10],"tags":[],"_links":{"self":[{"href":"http:\/\/www.mbnp.archidiecezja.wroc.pl\/index.php?rest_route=\/wp\/v2\/posts\/4273"}],"collection":[{"href":"http:\/\/www.mbnp.archidiecezja.wroc.pl\/index.php?rest_route=\/wp\/v2\/posts"}],"about":[{"href":"http:\/\/www.mbnp.archidiecezja.wroc.pl\/index.php?rest_route=\/wp\/v2\/types\/post"}],"author":[{"embeddable":true,"href":"http:\/\/www.mbnp.archidiecezja.wroc.pl\/index.php?rest_route=\/wp\/v2\/users\/7"}],"replies":[{"embeddable":true,"href":"http:\/\/www.mbnp.archidiecezja.wroc.pl\/index.php?rest_route=%2Fwp%2Fv2%2Fcomments&post=4273"}],"version-history":[{"count":5,"href":"http:\/\/www.mbnp.archidiecezja.wroc.pl\/index.php?rest_route=\/wp\/v2\/posts\/4273\/revisions"}],"predecessor-version":[{"id":5748,"href":"http:\/\/www.mbnp.archidiecezja.wroc.pl\/index.php?rest_route=\/wp\/v2\/posts\/4273\/revisions\/5748"}],"wp:attachment":[{"href":"http:\/\/www.mbnp.archidiecezja.wroc.pl\/index.php?rest_route=%2Fwp%2Fv2%2Fmedia&parent=4273"}],"wp:term":[{"taxonomy":"category","embeddable":true,"href":"http:\/\/www.mbnp.archidiecezja.wroc.pl\/index.php?rest_route=%2Fwp%2Fv2%2Fcategories&post=4273"},{"taxonomy":"post_tag","embeddable":true,"href":"http:\/\/www.mbnp.archidiecezja.wroc.pl\/index.php?rest_route=%2Fwp%2Fv2%2Ftags&post=4273"}],"curies":[{"name":"wp","href":"https:\/\/api.w.org\/{rel}","templated":true}]}}