{"id":4212,"date":"2019-12-31T16:52:51","date_gmt":"2019-12-31T15:52:51","guid":{"rendered":"http:\/\/www.mbnp.archidiecezja.wroc.pl\/?p=4212"},"modified":"2020-03-29T16:25:55","modified_gmt":"2020-03-29T14:25:55","slug":"mlodzi-taize-w-naszej-parafii","status":"publish","type":"post","link":"http:\/\/www.mbnp.archidiecezja.wroc.pl\/?p=4212","title":{"rendered":"Spotkanie Taiz\u00e8 w naszej Parafii"},"content":{"rendered":"<p style=\"text-align: left;\">Spotkanie Taiz\u00e8 w obiektywie, czyli zobaczmy co si\u0119 dzia\u0142o w naszej Parafii.<\/p>\n<p><a href=\"https:\/\/photos.app.goo.gl\/wJHCZthzvhJFkP9X9\">https:\/\/photos.app.goo.gl\/wJHCZthzvhJFkP9X9<\/a><\/p>\n<p style=\"text-align: left;\">W dniach 29.12.2019r.- 01.01.2020r. we Wroc\u0142awiu odbywa\u0142o <br \/>si\u0119 42. Europejskie Spotkanie M\u0142odych Taiz\u00e9. Nasza Parafia go\u015bci\u0142a 116 pielgrzym\u00f3w z 7 kraj\u00f3w: <strong><em>Bia\u0142orusi, Bo\u015bni i Hercegowiny, Chorwacji, Francji, Niemiec, Polski i Ukrainy<\/em><\/strong>. Na r\u0119ce wszystkich, kt\u00f3rzy w jakikolwiek spos\u00f3b przyczynili <br \/>si\u0119 do organizacji tego spotkania sk\u0142adamy serdeczne \u201eB\u00f3g zap\u0142a\u0107!\u201d<\/p>\n<p>I tak, dzi\u0119kujemy:<\/p>\n<ul>\n<li>50 Rodzinom naszej Parafii, za przyj\u0119cie pielgrzym\u00f3w do swoich dom\u00f3w,<\/li>\n<li>zespo\u0142owi Wolontariuszy, za przygotowanie i przeprowadzenie rejestracji pielgrzym\u00f3w, rozprowadzanie ich do dom\u00f3w, za zorganizowanie modlitw, \u015bpiew\u00f3w, spotka\u0144 w grupach, za pomoc przy t\u0142umaczeniu, za prezentacj\u0119 z \u017cycia Parafii, za przygotowanie zabawy noworocznej i posi\u0142k\u00f3w na ni\u0105,<\/li>\n<li>Dyrekcji Szko\u0142y Podstawowej Nr 28 za udost\u0119pnienie sali na noworoczn\u0105 zabaw\u0119,<\/li>\n<li>Sp\u00f3\u0142dzielni Mieszkaniowej Metalowiec, za ofiarowanie ksi\u0105\u017cek, kt\u00f3rymi obdarowali\u015bmy naszych go\u015bci.<\/li>\n<\/ul>\n<p>Wszystkich, kt\u00f3rzy w jakikolwiek spos\u00f3b przyczynili si\u0119 do zorganizowania tego spotkania i je omadlali, wyra\u017camy nasz\u0105 wdzi\u0119czno\u015b\u0107 i otaczamy modlitw\u0105.<\/p>\n\n\n<figure class=\"wp-block-image\"><img decoding=\"async\" loading=\"lazy\" width=\"1024\" height=\"768\" src=\"http:\/\/www.mbnp.archidiecezja.wroc.pl\/wp-content\/uploads\/2019\/12\/IMG-20191231-WA0023-1024x768.jpg\" alt=\"\" class=\"wp-image-4214\" srcset=\"http:\/\/www.mbnp.archidiecezja.wroc.pl\/wp-content\/uploads\/2019\/12\/IMG-20191231-WA0023-1024x768.jpg 1024w, http:\/\/www.mbnp.archidiecezja.wroc.pl\/wp-content\/uploads\/2019\/12\/IMG-20191231-WA0023-300x225.jpg 300w, http:\/\/www.mbnp.archidiecezja.wroc.pl\/wp-content\/uploads\/2019\/12\/IMG-20191231-WA0023-768x576.jpg 768w, http:\/\/www.mbnp.archidiecezja.wroc.pl\/wp-content\/uploads\/2019\/12\/IMG-20191231-WA0023.jpg 1600w\" sizes=\"(max-width: 1024px) 100vw, 1024px\" \/><\/figure>\n\n\n\n<figure class=\"wp-block-image\"><img decoding=\"async\" loading=\"lazy\" width=\"1024\" height=\"768\" src=\"http:\/\/www.mbnp.archidiecezja.wroc.pl\/wp-content\/uploads\/2019\/12\/IMG-20191231-WA0022-1024x768.jpg\" alt=\"\" class=\"wp-image-4215\" srcset=\"http:\/\/www.mbnp.archidiecezja.wroc.pl\/wp-content\/uploads\/2019\/12\/IMG-20191231-WA0022-1024x768.jpg 1024w, http:\/\/www.mbnp.archidiecezja.wroc.pl\/wp-content\/uploads\/2019\/12\/IMG-20191231-WA0022-300x225.jpg 300w, http:\/\/www.mbnp.archidiecezja.wroc.pl\/wp-content\/uploads\/2019\/12\/IMG-20191231-WA0022-768x576.jpg 768w, http:\/\/www.mbnp.archidiecezja.wroc.pl\/wp-content\/uploads\/2019\/12\/IMG-20191231-WA0022.jpg 1600w\" sizes=\"(max-width: 1024px) 100vw, 1024px\" \/><\/figure>\n\n\n\n<figure class=\"wp-block-image\"><img decoding=\"async\" loading=\"lazy\" width=\"1024\" height=\"768\" src=\"http:\/\/www.mbnp.archidiecezja.wroc.pl\/wp-content\/uploads\/2019\/12\/IMG-20191231-WA0019-1024x768.jpg\" alt=\"\" class=\"wp-image-4216\" srcset=\"http:\/\/www.mbnp.archidiecezja.wroc.pl\/wp-content\/uploads\/2019\/12\/IMG-20191231-WA0019-1024x768.jpg 1024w, http:\/\/www.mbnp.archidiecezja.wroc.pl\/wp-content\/uploads\/2019\/12\/IMG-20191231-WA0019-300x225.jpg 300w, http:\/\/www.mbnp.archidiecezja.wroc.pl\/wp-content\/uploads\/2019\/12\/IMG-20191231-WA0019-768x576.jpg 768w, http:\/\/www.mbnp.archidiecezja.wroc.pl\/wp-content\/uploads\/2019\/12\/IMG-20191231-WA0019.jpg 1600w\" sizes=\"(max-width: 1024px) 100vw, 1024px\" \/><\/figure>\n\n\n\n<figure class=\"wp-block-image\"><img decoding=\"async\" loading=\"lazy\" width=\"1024\" height=\"768\" src=\"http:\/\/www.mbnp.archidiecezja.wroc.pl\/wp-content\/uploads\/2019\/12\/IMG-20191231-WA0018-1024x768.jpg\" alt=\"\" class=\"wp-image-4217\" srcset=\"http:\/\/www.mbnp.archidiecezja.wroc.pl\/wp-content\/uploads\/2019\/12\/IMG-20191231-WA0018-1024x768.jpg 1024w, http:\/\/www.mbnp.archidiecezja.wroc.pl\/wp-content\/uploads\/2019\/12\/IMG-20191231-WA0018-300x225.jpg 300w, http:\/\/www.mbnp.archidiecezja.wroc.pl\/wp-content\/uploads\/2019\/12\/IMG-20191231-WA0018-768x576.jpg 768w, http:\/\/www.mbnp.archidiecezja.wroc.pl\/wp-content\/uploads\/2019\/12\/IMG-20191231-WA0018.jpg 1600w\" sizes=\"(max-width: 1024px) 100vw, 1024px\" \/><\/figure>\n\n\n\n<figure class=\"wp-block-image\"><img decoding=\"async\" loading=\"lazy\" width=\"1024\" height=\"768\" src=\"http:\/\/www.mbnp.archidiecezja.wroc.pl\/wp-content\/uploads\/2019\/12\/IMG-20191231-WA0016-1024x768.jpg\" alt=\"\" class=\"wp-image-4219\" srcset=\"http:\/\/www.mbnp.archidiecezja.wroc.pl\/wp-content\/uploads\/2019\/12\/IMG-20191231-WA0016-1024x768.jpg 1024w, http:\/\/www.mbnp.archidiecezja.wroc.pl\/wp-content\/uploads\/2019\/12\/IMG-20191231-WA0016-300x225.jpg 300w, http:\/\/www.mbnp.archidiecezja.wroc.pl\/wp-content\/uploads\/2019\/12\/IMG-20191231-WA0016-768x576.jpg 768w, http:\/\/www.mbnp.archidiecezja.wroc.pl\/wp-content\/uploads\/2019\/12\/IMG-20191231-WA0016.jpg 1600w\" sizes=\"(max-width: 1024px) 100vw, 1024px\" \/><\/figure>\n\n\n\n<figure class=\"wp-block-image\"><img decoding=\"async\" loading=\"lazy\" width=\"1024\" height=\"768\" src=\"http:\/\/www.mbnp.archidiecezja.wroc.pl\/wp-content\/uploads\/2019\/12\/IMG-20191231-WA0015-1024x768.jpg\" alt=\"\" class=\"wp-image-4220\" srcset=\"http:\/\/www.mbnp.archidiecezja.wroc.pl\/wp-content\/uploads\/2019\/12\/IMG-20191231-WA0015-1024x768.jpg 1024w, http:\/\/www.mbnp.archidiecezja.wroc.pl\/wp-content\/uploads\/2019\/12\/IMG-20191231-WA0015-300x225.jpg 300w, http:\/\/www.mbnp.archidiecezja.wroc.pl\/wp-content\/uploads\/2019\/12\/IMG-20191231-WA0015-768x576.jpg 768w, http:\/\/www.mbnp.archidiecezja.wroc.pl\/wp-content\/uploads\/2019\/12\/IMG-20191231-WA0015.jpg 1600w\" sizes=\"(max-width: 1024px) 100vw, 1024px\" \/><\/figure>\n\n\n\n<figure class=\"wp-block-image\"><img decoding=\"async\" loading=\"lazy\" width=\"1024\" height=\"768\" src=\"http:\/\/www.mbnp.archidiecezja.wroc.pl\/wp-content\/uploads\/2020\/01\/IMG-20191231-WA0011-1024x768.jpg\" alt=\"\" class=\"wp-image-4231\" srcset=\"http:\/\/www.mbnp.archidiecezja.wroc.pl\/wp-content\/uploads\/2020\/01\/IMG-20191231-WA0011-1024x768.jpg 1024w, http:\/\/www.mbnp.archidiecezja.wroc.pl\/wp-content\/uploads\/2020\/01\/IMG-20191231-WA0011-300x225.jpg 300w, http:\/\/www.mbnp.archidiecezja.wroc.pl\/wp-content\/uploads\/2020\/01\/IMG-20191231-WA0011-768x576.jpg 768w, http:\/\/www.mbnp.archidiecezja.wroc.pl\/wp-content\/uploads\/2020\/01\/IMG-20191231-WA0011.jpg 1600w\" sizes=\"(max-width: 1024px) 100vw, 1024px\" \/><\/figure>\n\n\n\n<figure class=\"wp-block-image\"><img decoding=\"async\" loading=\"lazy\" width=\"1024\" height=\"768\" src=\"http:\/\/www.mbnp.archidiecezja.wroc.pl\/wp-content\/uploads\/2020\/01\/20200101_102804-1024x768.jpg\" alt=\"\" class=\"wp-image-4232\" srcset=\"http:\/\/www.mbnp.archidiecezja.wroc.pl\/wp-content\/uploads\/2020\/01\/20200101_102804-1024x768.jpg 1024w, http:\/\/www.mbnp.archidiecezja.wroc.pl\/wp-content\/uploads\/2020\/01\/20200101_102804-300x225.jpg 300w, http:\/\/www.mbnp.archidiecezja.wroc.pl\/wp-content\/uploads\/2020\/01\/20200101_102804-768x576.jpg 768w\" sizes=\"(max-width: 1024px) 100vw, 1024px\" \/><\/figure>\n","protected":false},"excerpt":{"rendered":"<p>Spotkanie Taiz\u00e8 w obiektywie, czyli zobaczmy co si\u0119 dzia\u0142o w naszej Parafii. https:\/\/photos.app.goo.gl\/wJHCZthzvhJFkP9X9 W dniach 29.12.2019r.- 01.01.2020r. we Wroc\u0142awiu odbywa\u0142o si\u0119 42. Europejskie Spotkanie M\u0142odych Taiz\u00e9. Nasza Parafia go\u015bci\u0142a 116 &#8230;<\/p>\n","protected":false},"author":7,"featured_media":0,"comment_status":"closed","ping_status":"closed","sticky":false,"template":"","format":"standard","meta":[],"categories":[10],"tags":[],"_links":{"self":[{"href":"http:\/\/www.mbnp.archidiecezja.wroc.pl\/index.php?rest_route=\/wp\/v2\/posts\/4212"}],"collection":[{"href":"http:\/\/www.mbnp.archidiecezja.wroc.pl\/index.php?rest_route=\/wp\/v2\/posts"}],"about":[{"href":"http:\/\/www.mbnp.archidiecezja.wroc.pl\/index.php?rest_route=\/wp\/v2\/types\/post"}],"author":[{"embeddable":true,"href":"http:\/\/www.mbnp.archidiecezja.wroc.pl\/index.php?rest_route=\/wp\/v2\/users\/7"}],"replies":[{"embeddable":true,"href":"http:\/\/www.mbnp.archidiecezja.wroc.pl\/index.php?rest_route=%2Fwp%2Fv2%2Fcomments&post=4212"}],"version-history":[{"count":8,"href":"http:\/\/www.mbnp.archidiecezja.wroc.pl\/index.php?rest_route=\/wp\/v2\/posts\/4212\/revisions"}],"predecessor-version":[{"id":4236,"href":"http:\/\/www.mbnp.archidiecezja.wroc.pl\/index.php?rest_route=\/wp\/v2\/posts\/4212\/revisions\/4236"}],"wp:attachment":[{"href":"http:\/\/www.mbnp.archidiecezja.wroc.pl\/index.php?rest_route=%2Fwp%2Fv2%2Fmedia&parent=4212"}],"wp:term":[{"taxonomy":"category","embeddable":true,"href":"http:\/\/www.mbnp.archidiecezja.wroc.pl\/index.php?rest_route=%2Fwp%2Fv2%2Fcategories&post=4212"},{"taxonomy":"post_tag","embeddable":true,"href":"http:\/\/www.mbnp.archidiecezja.wroc.pl\/index.php?rest_route=%2Fwp%2Fv2%2Ftags&post=4212"}],"curies":[{"name":"wp","href":"https:\/\/api.w.org\/{rel}","templated":true}]}}