{"id":4186,"date":"2019-12-26T17:31:28","date_gmt":"2019-12-26T16:31:28","guid":{"rendered":"http:\/\/www.mbnp.archidiecezja.wroc.pl\/?p=4186"},"modified":"2020-02-02T14:33:38","modified_gmt":"2020-02-02T13:33:38","slug":"spotkania-oplatkowe-dla-grup-parafialnych","status":"publish","type":"post","link":"http:\/\/www.mbnp.archidiecezja.wroc.pl\/?p=4186","title":{"rendered":"Spotkania op\u0142atkowe dla grup parafialnych"},"content":{"rendered":"<table>\n<tbody>\n<tr>\n<td colspan=\"2\" width=\"694\">\n<p>\u00a0<\/p>\n<p><strong>Porz\u0105dek spotka\u0144 op\u0142atkowych<\/strong><\/p>\n<\/td>\n<\/tr>\n<tr>\n<td colspan=\"2\" width=\"694\">\n<p>\u00a0<\/p>\n<\/td>\n<\/tr>\n<tr>\n<td width=\"257\">\n<p><strong>05 stycznia, godz. 16:00<\/strong><\/p>\n<\/td>\n<td width=\"437\">\n<p>\u00b7\u00a0\u00a0\u00a0\u00a0\u00a0\u00a0 Wsp\u00f3lnota \u017bywego R\u00f3\u017ca\u0144ca<\/p>\n<p>\u00b7\u00a0\u00a0\u00a0\u00a0\u00a0\u00a0 Wsp\u00f3lnota Nieustaj\u0105cego R\u00f3\u017ca\u0144ca<\/p>\n<p>\u00b7\u00a0\u00a0\u00a0\u00a0\u00a0\u00a0 Ko\u0142o Przyjaci\u00f3\u0142 Radia Maryja<\/p>\n<\/td>\n<\/tr>\n<tr>\n<td width=\"257\">\n<p><strong>06 stycznia, godz. 16:00<\/strong><\/p>\n<\/td>\n<td width=\"437\">\n<p>\u00b7\u00a0\u00a0\u00a0\u00a0\u00a0\u00a0 Liturgiczna S\u0142u\u017cba O\u0142tarza<\/p>\n<p>\u00b7\u00a0\u00a0\u00a0\u00a0\u00a0\u00a0 Ruch \u015awiat\u0142o \u017bycie<\/p>\n<\/td>\n<\/tr>\n<tr>\n<td width=\"257\">\n<p><strong>11 stycznia, godz. 18:00<\/strong><\/p>\n<p>(Msza \u015bw. o godz. 18:00, \u00a0a po niej spotkanie op\u0142takowe)<\/p>\n<\/td>\n<td width=\"437\">\n<p>\u00b7\u00a0\u00a0\u00a0\u00a0\u00a0\u00a0 Caritas<\/p>\n<p>\u00b7\u00a0\u00a0\u00a0\u00a0\u00a0\u00a0 Podopieczni Caritasu<\/p>\n<\/td>\n<\/tr>\n<tr>\n<td width=\"257\">\n<p><strong>12 stycznia, godz. 16:00<\/strong><\/p>\n<\/td>\n<td width=\"437\">\n<p>\u00b7\u00a0\u00a0\u00a0\u00a0\u00a0\u00a0 Wsp\u00f3lnota Emmanuel<\/p>\n<p>\u00b7\u00a0\u00a0\u00a0\u00a0\u00a0\u00a0 Apostolstwo Dobrej \u015amierci<\/p>\n<p>\u00b7\u00a0\u00a0\u00a0\u00a0\u00a0\u00a0 Kr\u0105g Biblijny<\/p>\n<\/td>\n<\/tr>\n<tr>\n<td width=\"257\">\n<p><strong>19 stycznia, godz. 16:00<\/strong><\/p>\n<\/td>\n<td width=\"437\">\n<p>\u00b7\u00a0\u00a0\u00a0\u00a0\u00a0\u00a0 Akcja Katolicka<\/p>\n<p>\u00b7\u00a0\u00a0\u00a0\u00a0\u00a0\u00a0 Ch\u00f3r Cantica<\/p>\n<\/td>\n<\/tr>\n<tr>\n<td width=\"257\">\n<p><strong>26 stycznia, godz. 16:00<\/strong><\/p>\n<\/td>\n<td width=\"437\">\n<p>\u00b7\u00a0\u00a0\u00a0\u00a0\u00a0\u00a0 Rada Parafialna<\/p>\n<p>\u00b7\u00a0\u00a0\u00a0\u00a0\u00a0\u00a0 Schola Liturgiczna<\/p>\n<\/td>\n<\/tr>\n<\/tbody>\n<\/table>\n<p>\u00a0<\/p>\n\n\n<figure class=\"wp-block-image is-resized\"><img decoding=\"async\" loading=\"lazy\" src=\"http:\/\/www.mbnp.archidiecezja.wroc.pl\/wp-content\/uploads\/2019\/12\/op\u0142atek.jpg\" alt=\"\" class=\"wp-image-4188\" width=\"294\" height=\"171\"\/><\/figure>\n","protected":false},"excerpt":{"rendered":"<p>\u00a0 Porz\u0105dek spotka\u0144 op\u0142atkowych \u00a0 05 stycznia, godz. 16:00 \u00b7\u00a0\u00a0\u00a0\u00a0\u00a0\u00a0 Wsp\u00f3lnota \u017bywego R\u00f3\u017ca\u0144ca \u00b7\u00a0\u00a0\u00a0\u00a0\u00a0\u00a0 Wsp\u00f3lnota Nieustaj\u0105cego R\u00f3\u017ca\u0144ca \u00b7\u00a0\u00a0\u00a0\u00a0\u00a0\u00a0 Ko\u0142o Przyjaci\u00f3\u0142 Radia Maryja 06 stycznia, godz. 16:00 \u00b7\u00a0\u00a0\u00a0\u00a0\u00a0\u00a0 Liturgiczna S\u0142u\u017cba O\u0142tarza &#8230;<\/p>\n","protected":false},"author":7,"featured_media":0,"comment_status":"closed","ping_status":"closed","sticky":false,"template":"","format":"standard","meta":[],"categories":[10],"tags":[],"_links":{"self":[{"href":"http:\/\/www.mbnp.archidiecezja.wroc.pl\/index.php?rest_route=\/wp\/v2\/posts\/4186"}],"collection":[{"href":"http:\/\/www.mbnp.archidiecezja.wroc.pl\/index.php?rest_route=\/wp\/v2\/posts"}],"about":[{"href":"http:\/\/www.mbnp.archidiecezja.wroc.pl\/index.php?rest_route=\/wp\/v2\/types\/post"}],"author":[{"embeddable":true,"href":"http:\/\/www.mbnp.archidiecezja.wroc.pl\/index.php?rest_route=\/wp\/v2\/users\/7"}],"replies":[{"embeddable":true,"href":"http:\/\/www.mbnp.archidiecezja.wroc.pl\/index.php?rest_route=%2Fwp%2Fv2%2Fcomments&post=4186"}],"version-history":[{"count":2,"href":"http:\/\/www.mbnp.archidiecezja.wroc.pl\/index.php?rest_route=\/wp\/v2\/posts\/4186\/revisions"}],"predecessor-version":[{"id":4189,"href":"http:\/\/www.mbnp.archidiecezja.wroc.pl\/index.php?rest_route=\/wp\/v2\/posts\/4186\/revisions\/4189"}],"wp:attachment":[{"href":"http:\/\/www.mbnp.archidiecezja.wroc.pl\/index.php?rest_route=%2Fwp%2Fv2%2Fmedia&parent=4186"}],"wp:term":[{"taxonomy":"category","embeddable":true,"href":"http:\/\/www.mbnp.archidiecezja.wroc.pl\/index.php?rest_route=%2Fwp%2Fv2%2Fcategories&post=4186"},{"taxonomy":"post_tag","embeddable":true,"href":"http:\/\/www.mbnp.archidiecezja.wroc.pl\/index.php?rest_route=%2Fwp%2Fv2%2Ftags&post=4186"}],"curies":[{"name":"wp","href":"https:\/\/api.w.org\/{rel}","templated":true}]}}