{"id":4100,"date":"2019-12-23T18:51:20","date_gmt":"2019-12-23T17:51:20","guid":{"rendered":"http:\/\/www.mbnp.archidiecezja.wroc.pl\/?p=4100"},"modified":"2020-02-02T14:34:05","modified_gmt":"2020-02-02T13:34:05","slug":"taize-wroclaw","status":"publish","type":"post","link":"http:\/\/www.mbnp.archidiecezja.wroc.pl\/?p=4100","title":{"rendered":"Taiz\u00e8 Wroc\u0142aw"},"content":{"rendered":"\n<figure class=\"wp-block-image is-resized\"><img decoding=\"async\" loading=\"lazy\" src=\"http:\/\/www.mbnp.archidiecezja.wroc.pl\/wp-content\/uploads\/2019\/10\/Slajd1.jpg\" alt=\"\" class=\"wp-image-4101\" width=\"480\" height=\"200\"\/><\/figure>\n\n\n\n<p><strong>Nasza Parafia go\u015bci 116 pielgrzym\u00f3w Taize. Poni\u017cej zamieszczamy szczeg\u00f3\u0142owy plan pobytu m\u0142odzie\u017cy w naszej Parafii i zach\u0119camy do uczestniczenia w spotkaniach modlitewnych w naszym ko\u015bciele. M\u0142odzie\u017c b\u0119dzie tak\u017ce uczestniczy\u0107 w wydarzeniach w Hali Stulecia i innych miejscach. Informacje o tych spotkaniach mo\u017cna znale\u017a\u0107 na oficjalnej stronie Taiz\u00e8.<\/strong> <\/p>\n\n\n\n<p><strong>Plan pobytu m\u0142odzie\u017cy uczestnicz\u0105cej w 42. Europejskim Spotkaniu M\u0142odych Taiz\u00e8 w Parafii NMP Nieustaj\u0105cej Pomocy we Wroc\u0142awiu Muchoborze Ma\u0142ym<\/strong><\/p>\n\n\n\n<p><strong>28 grudnia 2019r.<\/strong><\/p>\n\n\n\n<ul><li>10:00-\n15:00- przyjazd m\u0142odzie\u017cy do parafii i rozprowadzanie do rodzin<\/li><li>16:00-\nwyjazd do Centrum (Hala Stulecia lub Pola Marsowe) na kolacj\u0119 <br>\ni wieczorn\u0105 modlitw\u0119 <\/li><li>22:00-\npowr\u00f3t do rodzin<\/li><\/ul>\n\n\n\n<p><strong>29 grudnia 2019r.<\/strong><\/p>\n\n\n\n<ul><li>\u015bniadanie\nw rodzinach<\/li><li>9:00-\nspotkanie w ko\u015bciele po\u0142\u0105czone z prezentacj\u0105 o \u017cyciu parafii<\/li><li>9:30-\nudzia\u0142 w niedzielnej Mszy \u015bw.&nbsp; w ko\u015bciele\nNMP Nieustaj\u0105cej Pomocy<\/li><li>10:30-\nwyjazd co Centrum i udzia\u0142 w programie Taiz\u00e8<\/li><li>22:00-\npowr\u00f3t do rodzin<\/li><\/ul>\n\n\n\n<p><strong>30 grudnia 2019r.<\/strong><\/p>\n\n\n\n<ul><li>\u015bniadanie\nw rodzinach<\/li><li>8:30-\nudzia\u0142 w porannej modlitwie&nbsp; w ko\u015bciele\nNMP Nieustaj\u0105cej Pomocy,<br>\n&nbsp;po kt\u00f3rej b\u0119d\u0105 spotkania w grupach<\/li><li>wyjazd co\nCentrum i udzia\u0142 w programie Taiz\u00e8<\/li><li>22:00-\npowr\u00f3t do rodzin<\/li><\/ul>\n\n\n\n<p><strong>31 grudnia 2019r.<\/strong><\/p>\n\n\n\n<ul><li>\u015bniadanie\nw rodzinach<\/li><li>8:30-\nudzia\u0142 w porannej modlitwie&nbsp; w ko\u015bciele\nNMP Nieustaj\u0105cej Pomocy,<br>\npo kt\u00f3rej b\u0119d\u0105 spotkania w grupach<\/li><li>wyjazd co\nCentrum i udzia\u0142 w programie Taiz\u00e8<\/li><li>22:00-\npowr\u00f3t do rodzin<\/li><li>23:00-udzia\u0142\nw modlitwie o pok\u00f3j w ko\u015bciele NMP Nieustaj\u0105cej Pomocy<\/li><li>24:00-\n2:00- udzia\u0142 w zabawie noworocznej w Szkole Podstawowej Nr 28 przy ul. Greckiej<\/li><\/ul>\n\n\n\n<p><strong>01 stycznia 2020r.<\/strong><\/p>\n\n\n\n<ul><li>\u015bniadanie\nw rodzinach<\/li><li>9:30-\nudzia\u0142 w Mszy \u015bw.&nbsp; w ko\u015bciele NMP\nNieustaj\u0105cej Pomocy<\/li><li>obiad w\nrodzinach i po\u017cegnanie pielgrzym\u00f3w<\/li><\/ul>\n","protected":false},"excerpt":{"rendered":"<p>Nasza Parafia go\u015bci 116 pielgrzym\u00f3w Taize. Poni\u017cej zamieszczamy szczeg\u00f3\u0142owy plan pobytu m\u0142odzie\u017cy w naszej Parafii i zach\u0119camy do uczestniczenia w spotkaniach modlitewnych w naszym ko\u015bciele. M\u0142odzie\u017c b\u0119dzie tak\u017ce uczestniczy\u0107 w &#8230;<\/p>\n","protected":false},"author":7,"featured_media":0,"comment_status":"closed","ping_status":"closed","sticky":false,"template":"","format":"standard","meta":[],"categories":[10],"tags":[],"_links":{"self":[{"href":"http:\/\/www.mbnp.archidiecezja.wroc.pl\/index.php?rest_route=\/wp\/v2\/posts\/4100"}],"collection":[{"href":"http:\/\/www.mbnp.archidiecezja.wroc.pl\/index.php?rest_route=\/wp\/v2\/posts"}],"about":[{"href":"http:\/\/www.mbnp.archidiecezja.wroc.pl\/index.php?rest_route=\/wp\/v2\/types\/post"}],"author":[{"embeddable":true,"href":"http:\/\/www.mbnp.archidiecezja.wroc.pl\/index.php?rest_route=\/wp\/v2\/users\/7"}],"replies":[{"embeddable":true,"href":"http:\/\/www.mbnp.archidiecezja.wroc.pl\/index.php?rest_route=%2Fwp%2Fv2%2Fcomments&post=4100"}],"version-history":[{"count":7,"href":"http:\/\/www.mbnp.archidiecezja.wroc.pl\/index.php?rest_route=\/wp\/v2\/posts\/4100\/revisions"}],"predecessor-version":[{"id":4194,"href":"http:\/\/www.mbnp.archidiecezja.wroc.pl\/index.php?rest_route=\/wp\/v2\/posts\/4100\/revisions\/4194"}],"wp:attachment":[{"href":"http:\/\/www.mbnp.archidiecezja.wroc.pl\/index.php?rest_route=%2Fwp%2Fv2%2Fmedia&parent=4100"}],"wp:term":[{"taxonomy":"category","embeddable":true,"href":"http:\/\/www.mbnp.archidiecezja.wroc.pl\/index.php?rest_route=%2Fwp%2Fv2%2Fcategories&post=4100"},{"taxonomy":"post_tag","embeddable":true,"href":"http:\/\/www.mbnp.archidiecezja.wroc.pl\/index.php?rest_route=%2Fwp%2Fv2%2Ftags&post=4100"}],"curies":[{"name":"wp","href":"https:\/\/api.w.org\/{rel}","templated":true}]}}