{"id":4048,"date":"2021-09-25T20:17:18","date_gmt":"2021-09-25T18:17:18","guid":{"rendered":"http:\/\/www.mbnp.archidiecezja.wroc.pl\/?p=4048"},"modified":"2022-01-02T09:00:40","modified_gmt":"2022-01-02T08:00:40","slug":"nabozenstwa-rozancowe","status":"publish","type":"post","link":"http:\/\/www.mbnp.archidiecezja.wroc.pl\/?p=4048","title":{"rendered":"Nabo\u017ce\u0144stwa R\u00f3\u017ca\u0144cowe"},"content":{"rendered":"\n<figure class=\"wp-block-image\"><img decoding=\"async\" src=\"http:\/\/polanka.przemyska.pl\/wp-content\/uploads\/2018\/09\/34649abc993982b197aa9a6210af69ed_XL.jpg\" alt=\"Znalezione obrazy dla zapytania nabo\u017ce\u0144stwa r\u00f3\u017ca\u0144cowe\"\/><\/figure>\n\n\n\n<p><br><\/p>\n\n\n<p>Zapraszamy na Nabo\u017ce\u0144stwa R\u00f3\u017ca\u0144cowe, odprawiane przez ca\u0142y pa\u017adziernik, o godz. 17:30, przed wystawionym Naj\u015bwi\u0119tszym Sakramentem. Modlitwa R\u00f3\u017ca\u0144cowa ma niezwyk\u0142\u0105 moc, a Ko\u015bci\u00f3\u0142 za jej publiczne odmawianie udziela odpustu zupe\u0142nego pod zwyk\u0142ymi warunkami. Ka\u017cdy ze \u015bwi\u0119tych zna\u0142 doskonale t\u0119 prawd\u0119, dlatego w wypowiedziach wielu za nich znale\u017a\u0107 mo\u017cna cenne my\u015bli na temat tego skarbu Ko\u015bcio\u0142a. Jan Pawe\u0142 II, og\u0142aszaj\u0105c&nbsp; 2002r. Rokiem R\u00f3\u017ca\u0144ca i kieruj\u0105c do wiernych <span style=\"color: #000000;\"><a style=\"color: #000000;\" href=\"http:\/\/www.opoka.org.pl\/biblioteka\/W\/WP\/jan_pawel_ii\/listy\/rosarium_virginis_16102002.html\">List Apostolski Rosarium Virginis Mariae<\/a><\/span><em>, <\/em>kt\u00f3rym wprowadzi\u0142 do R\u00f3\u017ca\u0144ca tajemnice \u015bwiat\u0142a, przypomnia\u0142 nam jedn\u0105 z pi\u0119kniejszych wypowiedzi na temat R\u00f3\u017ca\u0144ca, autorstwa b\u0142. Bart\u0142omieja Longo. Niech te s\u0142owa b\u0119d\u0105 dla nas zach\u0119t\u0105 do&nbsp; licznego uczestnictwa w pa\u017adziernikowych Nabo\u017ce\u0144stwach:<\/p>\n<p><em>O, b\u0142ogos\u0142awiony r\u00f3\u017ca\u0144cu Maryi, s\u0142odki \u0142a\u0144cuchu, kt\u00f3ry \u0142\u0105czysz nas z Bogiem; wi\u0119zi mi\u0142o\u015bci, kt\u00f3ra nas jednoczysz z anio\u0142ami; wie\u017co ocalenia od napa\u015bci piek\u0142a; bezpieczny porcie w morskiej katastrofie! nigdy ci\u0119 ju\u017c nie porzucimy. B\u0119dziesz nam pociech\u0105 w godzinie konania. Tobie ostatni poca\u0142unek gasn\u0105cego \u017cycia. A ostatnim akcentem naszych warg b\u0119dzie Twoje s\u0142odkie imi\u0119, o Kr\u00f3lowo R\u00f3\u017ca\u0144ca z Pompei, o Matko nasza droga, o Ucieczko grzesznik\u00f3w, o W\u0142adczyni, Pocieszycielko strapionych. B\u0105d\u017a wsz\u0119dzie b\u0142ogos\u0142awiona, dzi\u015b i zawsze, na ziemi i w niebie<\/em>&#8222;<\/p>\n\n\n<figure class=\"wp-block-image\"><img alt=\"\"\/><\/figure>\n","protected":false},"excerpt":{"rendered":"<p>Zapraszamy na Nabo\u017ce\u0144stwa R\u00f3\u017ca\u0144cowe, odprawiane przez ca\u0142y pa\u017adziernik, o godz. 17:30, przed wystawionym Naj\u015bwi\u0119tszym Sakramentem. Modlitwa R\u00f3\u017ca\u0144cowa ma niezwyk\u0142\u0105 moc, a Ko\u015bci\u00f3\u0142 za jej publiczne odmawianie udziela odpustu zupe\u0142nego pod &#8230;<\/p>\n","protected":false},"author":7,"featured_media":0,"comment_status":"closed","ping_status":"closed","sticky":false,"template":"","format":"standard","meta":[],"categories":[10],"tags":[],"_links":{"self":[{"href":"http:\/\/www.mbnp.archidiecezja.wroc.pl\/index.php?rest_route=\/wp\/v2\/posts\/4048"}],"collection":[{"href":"http:\/\/www.mbnp.archidiecezja.wroc.pl\/index.php?rest_route=\/wp\/v2\/posts"}],"about":[{"href":"http:\/\/www.mbnp.archidiecezja.wroc.pl\/index.php?rest_route=\/wp\/v2\/types\/post"}],"author":[{"embeddable":true,"href":"http:\/\/www.mbnp.archidiecezja.wroc.pl\/index.php?rest_route=\/wp\/v2\/users\/7"}],"replies":[{"embeddable":true,"href":"http:\/\/www.mbnp.archidiecezja.wroc.pl\/index.php?rest_route=%2Fwp%2Fv2%2Fcomments&post=4048"}],"version-history":[{"count":4,"href":"http:\/\/www.mbnp.archidiecezja.wroc.pl\/index.php?rest_route=\/wp\/v2\/posts\/4048\/revisions"}],"predecessor-version":[{"id":4896,"href":"http:\/\/www.mbnp.archidiecezja.wroc.pl\/index.php?rest_route=\/wp\/v2\/posts\/4048\/revisions\/4896"}],"wp:attachment":[{"href":"http:\/\/www.mbnp.archidiecezja.wroc.pl\/index.php?rest_route=%2Fwp%2Fv2%2Fmedia&parent=4048"}],"wp:term":[{"taxonomy":"category","embeddable":true,"href":"http:\/\/www.mbnp.archidiecezja.wroc.pl\/index.php?rest_route=%2Fwp%2Fv2%2Fcategories&post=4048"},{"taxonomy":"post_tag","embeddable":true,"href":"http:\/\/www.mbnp.archidiecezja.wroc.pl\/index.php?rest_route=%2Fwp%2Fv2%2Ftags&post=4048"}],"curies":[{"name":"wp","href":"https:\/\/api.w.org\/{rel}","templated":true}]}}