{"id":4044,"date":"2019-09-29T19:55:22","date_gmt":"2019-09-29T17:55:22","guid":{"rendered":"http:\/\/www.mbnp.archidiecezja.wroc.pl\/?p=4044"},"modified":"2019-10-05T22:41:24","modified_gmt":"2019-10-05T20:41:24","slug":"ix-rocznica-smierci-sp-ks-pralata-franciszka-skorusy","status":"publish","type":"post","link":"http:\/\/www.mbnp.archidiecezja.wroc.pl\/?p=4044","title":{"rendered":"IX rocznica \u015bmierci \u015bp. Ks. Pra\u0142ata Franciszka Skorusy"},"content":{"rendered":"\n<figure class=\"wp-block-image is-resized\"><img decoding=\"async\" loading=\"lazy\" src=\"http:\/\/www.mbnp.archidiecezja.wroc.pl\/wp-content\/uploads\/2017\/07\/5.jpg\" alt=\"\" class=\"wp-image-2776\" width=\"263\" height=\"350\" srcset=\"http:\/\/www.mbnp.archidiecezja.wroc.pl\/wp-content\/uploads\/2017\/07\/5.jpg 350w, http:\/\/www.mbnp.archidiecezja.wroc.pl\/wp-content\/uploads\/2017\/07\/5-225x300.jpg 225w\" sizes=\"(max-width: 263px) 100vw, 263px\" \/><\/figure>\n\n\n<p>Zapraszamy do wsp\u00f3lnej modlitwy w intencji \u015bp. Ksi\u0119dza Franciszka Skorusy podczas Mszy \u015bw. sprawowanej 3 pa\u017adziernika o godz. 18:00, w dniu 9. rocznicy Jego \u015bmierci.<\/p>","protected":false},"excerpt":{"rendered":"<p>Zapraszamy do wsp\u00f3lnej modlitwy w intencji \u015bp. Ksi\u0119dza Franciszka Skorusy podczas Mszy \u015bw. sprawowanej 3 pa\u017adziernika o godz. 18:00, w dniu 9. rocznicy Jego \u015bmierci.<\/p>\n","protected":false},"author":7,"featured_media":0,"comment_status":"closed","ping_status":"closed","sticky":false,"template":"","format":"standard","meta":[],"categories":[10],"tags":[],"_links":{"self":[{"href":"http:\/\/www.mbnp.archidiecezja.wroc.pl\/index.php?rest_route=\/wp\/v2\/posts\/4044"}],"collection":[{"href":"http:\/\/www.mbnp.archidiecezja.wroc.pl\/index.php?rest_route=\/wp\/v2\/posts"}],"about":[{"href":"http:\/\/www.mbnp.archidiecezja.wroc.pl\/index.php?rest_route=\/wp\/v2\/types\/post"}],"author":[{"embeddable":true,"href":"http:\/\/www.mbnp.archidiecezja.wroc.pl\/index.php?rest_route=\/wp\/v2\/users\/7"}],"replies":[{"embeddable":true,"href":"http:\/\/www.mbnp.archidiecezja.wroc.pl\/index.php?rest_route=%2Fwp%2Fv2%2Fcomments&post=4044"}],"version-history":[{"count":2,"href":"http:\/\/www.mbnp.archidiecezja.wroc.pl\/index.php?rest_route=\/wp\/v2\/posts\/4044\/revisions"}],"predecessor-version":[{"id":4047,"href":"http:\/\/www.mbnp.archidiecezja.wroc.pl\/index.php?rest_route=\/wp\/v2\/posts\/4044\/revisions\/4047"}],"wp:attachment":[{"href":"http:\/\/www.mbnp.archidiecezja.wroc.pl\/index.php?rest_route=%2Fwp%2Fv2%2Fmedia&parent=4044"}],"wp:term":[{"taxonomy":"category","embeddable":true,"href":"http:\/\/www.mbnp.archidiecezja.wroc.pl\/index.php?rest_route=%2Fwp%2Fv2%2Fcategories&post=4044"},{"taxonomy":"post_tag","embeddable":true,"href":"http:\/\/www.mbnp.archidiecezja.wroc.pl\/index.php?rest_route=%2Fwp%2Fv2%2Ftags&post=4044"}],"curies":[{"name":"wp","href":"https:\/\/api.w.org\/{rel}","templated":true}]}}