{"id":4036,"date":"2019-09-27T21:54:15","date_gmt":"2019-09-27T19:54:15","guid":{"rendered":"http:\/\/www.mbnp.archidiecezja.wroc.pl\/?p=4036"},"modified":"2019-10-30T18:13:18","modified_gmt":"2019-10-30T17:13:18","slug":"nadzwyczajny-miesiac-misyjny","status":"publish","type":"post","link":"http:\/\/www.mbnp.archidiecezja.wroc.pl\/?p=4036","title":{"rendered":"Nadzwyczajny Miesi\u0105c Misyjny"},"content":{"rendered":"\n<figure class=\"wp-block-image is-resized\"><img decoding=\"async\" loading=\"lazy\" src=\"http:\/\/www.mbnp.archidiecezja.wroc.pl\/wp-content\/uploads\/2019\/09\/PL-Logo-Misyjny-paz\u0301dziernik-1024x840.jpg\" alt=\"\" class=\"wp-image-4037\" width=\"512\" height=\"420\" srcset=\"http:\/\/www.mbnp.archidiecezja.wroc.pl\/wp-content\/uploads\/2019\/09\/PL-Logo-Misyjny-paz\u0301dziernik-1024x840.jpg 1024w, http:\/\/www.mbnp.archidiecezja.wroc.pl\/wp-content\/uploads\/2019\/09\/PL-Logo-Misyjny-paz\u0301dziernik-300x246.jpg 300w, http:\/\/www.mbnp.archidiecezja.wroc.pl\/wp-content\/uploads\/2019\/09\/PL-Logo-Misyjny-paz\u0301dziernik-768x630.jpg 768w, http:\/\/www.mbnp.archidiecezja.wroc.pl\/wp-content\/uploads\/2019\/09\/PL-Logo-Misyjny-paz\u0301dziernik.jpg 1494w\" sizes=\"(max-width: 512px) 100vw, 512px\" \/><\/figure>\n\n\n<p>Pa\u017adziernik 2019 zosta\u0142 og\u0142oszony Nadzwyczajnym Miesi\u0105cem Misyjnym, kt\u00f3remu papie\u017c Franciszek nada\u0142 has\u0142o <strong>\u201eOchrzczeni i pos\u0142ani: Ko\u015bci\u00f3\u0142 Chrystusa z misj\u0105 w \u015bwiecie\u201d<\/strong>. Centralne obchody tego miesi\u0105ca b\u0119d\u0105 mia\u0142y miejsce w Rzymie.<\/p>\n<p>We wtorek<strong> 1 pa\u017adziernika 2019 r.<\/strong>, w liturgiczne wspomnienie \u015bw. Teresy z Lisieux, patronki misji, <strong>o godz. 18.00 w Bazylice \u015bw. Piotra, papie\u017c Franciszek odprawi Nieszpory<\/strong>, inauguruj\u0105c tym samym Nadzwyczajny Miesi\u0105c Misyjny. Poprzedzone one b\u0119d\u0105 czuwaniem modlitewnym ze \u015bwiadectwami misjonarzy, kt\u00f3re rozpocznie si\u0119 o godz. 17.15.<\/p>\n<p><strong>20 pa\u017adziernika 2019 r.<\/strong>, w Niedziel\u0119 Misyjn\u0105, <strong>na Placu \u015bw. Piotra o godz. 10.30 papie\u017c Franciszek<\/strong> \u2013 wraz z biskupami uczestnicz\u0105cymi w Zgromadzeniu Specjalnym Synodu Biskup\u00f3w dla Amazonii \u2013 b\u0119dzie przewodniczy\u0142 Mszy \u015bw.<\/p>\n<p>Te dwie uroczysto\u015bci b\u0119d\u0105 transmitowane na \u017cywo przez streaming \u2013 <a href=\"https:\/\/www.youtube.com\/user\/vatican\" target=\"_blank\" rel=\"alternate noopener noreferrer\">https:\/\/www.youtube.com\/user\/vatican<\/a> i <a href=\"https:\/\/www.vaticannews.va\/pl.html\" target=\"_blank\" rel=\"alternate noopener noreferrer\">https:\/\/www.vaticannews.va\/<\/a>, a tak\u017ce przez sieci telewizyjne odbieraj\u0105ce sygna\u0142 z Telewizji Watyka\u0144skiej.<\/p>\n<p>Ponadto w poniedzia\u0142ek, <strong>7 pa\u017adziernika 2019 r.,<\/strong> w \u015bwi\u0119to Naj\u015bwi\u0119tszej Maryi Panny R\u00f3\u017ca\u0144cowej, <strong>w Bazylice Matki Bo\u017cej Wi\u0119kszej kardyna\u0142 Fernando Filoni,<\/strong> prefekt Kongregacji Ewangelizacji Narod\u00f3w, <strong>poprowadzi o godz. 15.00 modlitw\u0119 r\u00f3\u017ca\u0144cow\u0105<\/strong>, kt\u00f3ra Papieskim Dzie\u0142om Misyjnym jest szczeg\u00f3lnie bliska, poprzez <strong>Paulin\u0119 Jaricot<\/strong>, za\u0142o\u017cycielk\u0119 Dzie\u0142a Rozkrzewiania Wiary. Paulina jest jedn\u0105 z patronek Nadzwyczajnego Miesi\u0105ca Misyjnego. Radio Maryja w wielu krajach b\u0119dzie transmitowa\u0142o t\u0119 modlitw\u0119 na \u017cywo.<\/p>\n<p>Zach\u0119camy r\u00f3wnie\u017c do \u015bledzenia mi\u0119dzynarodowej strony www Nadzwyczajnego Miesi\u0105ca Misyjnego <a href=\"http:\/\/www.october2019.va\/en.html\" target=\"_blank\" rel=\"alternate noopener noreferrer\">http:\/\/www.october2019.va\/en.html<\/a><\/p>","protected":false},"excerpt":{"rendered":"<p>Pa\u017adziernik 2019 zosta\u0142 og\u0142oszony Nadzwyczajnym Miesi\u0105cem Misyjnym, kt\u00f3remu papie\u017c Franciszek nada\u0142 has\u0142o \u201eOchrzczeni i pos\u0142ani: Ko\u015bci\u00f3\u0142 Chrystusa z misj\u0105 w \u015bwiecie\u201d. Centralne obchody tego miesi\u0105ca b\u0119d\u0105 mia\u0142y miejsce w Rzymie. &#8230;<\/p>\n","protected":false},"author":7,"featured_media":0,"comment_status":"closed","ping_status":"closed","sticky":false,"template":"","format":"standard","meta":[],"categories":[10],"tags":[],"_links":{"self":[{"href":"http:\/\/www.mbnp.archidiecezja.wroc.pl\/index.php?rest_route=\/wp\/v2\/posts\/4036"}],"collection":[{"href":"http:\/\/www.mbnp.archidiecezja.wroc.pl\/index.php?rest_route=\/wp\/v2\/posts"}],"about":[{"href":"http:\/\/www.mbnp.archidiecezja.wroc.pl\/index.php?rest_route=\/wp\/v2\/types\/post"}],"author":[{"embeddable":true,"href":"http:\/\/www.mbnp.archidiecezja.wroc.pl\/index.php?rest_route=\/wp\/v2\/users\/7"}],"replies":[{"embeddable":true,"href":"http:\/\/www.mbnp.archidiecezja.wroc.pl\/index.php?rest_route=%2Fwp%2Fv2%2Fcomments&post=4036"}],"version-history":[{"count":1,"href":"http:\/\/www.mbnp.archidiecezja.wroc.pl\/index.php?rest_route=\/wp\/v2\/posts\/4036\/revisions"}],"predecessor-version":[{"id":4038,"href":"http:\/\/www.mbnp.archidiecezja.wroc.pl\/index.php?rest_route=\/wp\/v2\/posts\/4036\/revisions\/4038"}],"wp:attachment":[{"href":"http:\/\/www.mbnp.archidiecezja.wroc.pl\/index.php?rest_route=%2Fwp%2Fv2%2Fmedia&parent=4036"}],"wp:term":[{"taxonomy":"category","embeddable":true,"href":"http:\/\/www.mbnp.archidiecezja.wroc.pl\/index.php?rest_route=%2Fwp%2Fv2%2Fcategories&post=4036"},{"taxonomy":"post_tag","embeddable":true,"href":"http:\/\/www.mbnp.archidiecezja.wroc.pl\/index.php?rest_route=%2Fwp%2Fv2%2Ftags&post=4036"}],"curies":[{"name":"wp","href":"https:\/\/api.w.org\/{rel}","templated":true}]}}