{"id":4032,"date":"2019-09-22T11:28:27","date_gmt":"2019-09-22T09:28:27","guid":{"rendered":"http:\/\/www.mbnp.archidiecezja.wroc.pl\/?p=4032"},"modified":"2019-10-17T07:35:40","modified_gmt":"2019-10-17T05:35:40","slug":"jubileuszowa-pie40-pielgrzymka-do-trzebnicy","status":"publish","type":"post","link":"http:\/\/www.mbnp.archidiecezja.wroc.pl\/?p=4032","title":{"rendered":"Jubileuszowa 40. Piesza Pielgrzymka do Trzebnicy"},"content":{"rendered":"\n<figure class=\"wp-block-image is-resized\"><img decoding=\"async\" loading=\"lazy\" src=\"http:\/\/www.mbnp.archidiecezja.wroc.pl\/wp-content\/uploads\/2019\/09\/Pielgrzymka-do-Trzebnicy-724x1024.jpg\" alt=\"\" class=\"wp-image-4033\" width=\"362\" height=\"512\" srcset=\"http:\/\/www.mbnp.archidiecezja.wroc.pl\/wp-content\/uploads\/2019\/09\/Pielgrzymka-do-Trzebnicy-724x1024.jpg 724w, http:\/\/www.mbnp.archidiecezja.wroc.pl\/wp-content\/uploads\/2019\/09\/Pielgrzymka-do-Trzebnicy-212x300.jpg 212w, http:\/\/www.mbnp.archidiecezja.wroc.pl\/wp-content\/uploads\/2019\/09\/Pielgrzymka-do-Trzebnicy-768x1086.jpg 768w\" sizes=\"(max-width: 362px) 100vw, 362px\" \/><\/figure>\n\n\n<p>40 PIESZA PIELGRZYMKA WROC\u0141AWSKA<br>do \u015bw. Jadwigi w Trzebnicy<br><strong>12 pa\u017adziernika 2019 r.<\/strong><\/p>\n<h3><strong>Rozpocz\u0119cie:<\/strong><\/h3>\n<p>Wyruszamy z Katedry Wroc\u0142awskiej w sobot\u0119&nbsp;<strong>12 pa\u017adziernika&nbsp;2019 r.&nbsp;o godz.&nbsp;6.00.<\/strong><br><strong>Zako\u0144czenie:<\/strong> Msz\u0105 \u015awi\u0119ta w Trzebnicy&nbsp;o godz.&nbsp;16.30&nbsp;przy o\u0142tarzu polowym.<br><strong>NIE MA ZAPIS\u00d3W<\/strong>&nbsp;\u2013 nale\u017cy przyj\u015b\u0107 do katedry i do\u0142\u0105czy\u0107 do dowolnej grupy pielgrzymkowej.<br>Wiernych, kt\u00f3rzy z r\u00f3\u017cnych przyczyn nie b\u0119d\u0105 mogli uczestniczy\u0107 w pielgrzymce zapraszam na Eucharysti\u0119 w Trzebnicy o godz. 16.30.<\/p>\n<p>Serdecznie zach\u0119cam wszystkich do wzi\u0119cia udzia\u0142u w Pielgrzymce! <br><em>Z Maryjnym pozdrowieniem,<br>Ks. Stanis\u0142aw Orzechowski<br>G\u0142\u00f3wny Przewodnik Pielgrzymki<\/em><\/p>\n<h3>Program Pielgrzymki do Trzebnicy<\/h3>\n<p>6:00 \u2013&nbsp;Zawi\u0105zanie pielgrzymki i wyj\u015bcie z Katedry Wroc\u0142awskiej<br>Wroc\u0142aw \u2013 wykaz ulic kt\u00f3r\u0119dy przechodzi pielgrzymka:&nbsp;ul. Katedralna \u2013 wyj\u015bcie z katedry ok. godz. 6.30, ul. \u015awi\u0119tokrzyska, ul. \u017beromskiego, ul. Ole\u015bnicka, ul. Jedno\u015bci Narodowej, ul. O\u0142bi\u0144ska, ul. Trzebnicka, most Trzebnicki, ul. Kamie\u0144skiego<br>1. post\u00f3j \u2013&nbsp;most na Widawie \u2013 Krzy\u017canowice<br>2. post\u00f3j \u2013&nbsp;Malin<br>3. post\u00f3j \u2013&nbsp;Wysoki Ko\u015bci\u00f3\u0142<br>ok. 15.30 \u2013&nbsp;wej\u015bcie do Trzebnicy<br>16.30 \u2013&nbsp;Msza \u015bw. w Trzebnicy&nbsp;&nbsp;przy o\u0142tarzu polowym<\/p>\n<h3>Powr\u00f3t do Wroc\u0142awia:<\/h3>\n<p>Autobusy PKS b\u0119d\u0105 podstawione na parkingu przy o\u0142tarzu polowym. Bilet do kupienia u kierowcy.*<br>*(organizator nie gwarantuje miejsc dla wszystkich pielgrzym\u00f3w, dlatego mo\u017ce zaj\u015b\u0107 konieczno\u015b\u0107 znalezienia transportu we w\u0142asnym zakresie)<\/p>\n<p><a href=\"http:\/\/pielgrzymka.pl\/index.php\/pielgrzymka-do-trzebnicy-2019\/\">http:\/\/pielgrzymka.pl\/index.php\/pielgrzymka-do-trzebnicy-2019\/<\/a><\/p>","protected":false},"excerpt":{"rendered":"<p>40 PIESZA PIELGRZYMKA WROC\u0141AWSKAdo \u015bw. Jadwigi w Trzebnicy12 pa\u017adziernika 2019 r. Rozpocz\u0119cie: Wyruszamy z Katedry Wroc\u0142awskiej w sobot\u0119&nbsp;12 pa\u017adziernika&nbsp;2019 r.&nbsp;o godz.&nbsp;6.00.Zako\u0144czenie: Msz\u0105 \u015awi\u0119ta w Trzebnicy&nbsp;o godz.&nbsp;16.30&nbsp;przy o\u0142tarzu polowym.NIE MA ZAPIS\u00d3W&nbsp;\u2013 &#8230;<\/p>\n","protected":false},"author":7,"featured_media":0,"comment_status":"closed","ping_status":"closed","sticky":false,"template":"","format":"standard","meta":[],"categories":[10],"tags":[],"_links":{"self":[{"href":"http:\/\/www.mbnp.archidiecezja.wroc.pl\/index.php?rest_route=\/wp\/v2\/posts\/4032"}],"collection":[{"href":"http:\/\/www.mbnp.archidiecezja.wroc.pl\/index.php?rest_route=\/wp\/v2\/posts"}],"about":[{"href":"http:\/\/www.mbnp.archidiecezja.wroc.pl\/index.php?rest_route=\/wp\/v2\/types\/post"}],"author":[{"embeddable":true,"href":"http:\/\/www.mbnp.archidiecezja.wroc.pl\/index.php?rest_route=\/wp\/v2\/users\/7"}],"replies":[{"embeddable":true,"href":"http:\/\/www.mbnp.archidiecezja.wroc.pl\/index.php?rest_route=%2Fwp%2Fv2%2Fcomments&post=4032"}],"version-history":[{"count":2,"href":"http:\/\/www.mbnp.archidiecezja.wroc.pl\/index.php?rest_route=\/wp\/v2\/posts\/4032\/revisions"}],"predecessor-version":[{"id":4035,"href":"http:\/\/www.mbnp.archidiecezja.wroc.pl\/index.php?rest_route=\/wp\/v2\/posts\/4032\/revisions\/4035"}],"wp:attachment":[{"href":"http:\/\/www.mbnp.archidiecezja.wroc.pl\/index.php?rest_route=%2Fwp%2Fv2%2Fmedia&parent=4032"}],"wp:term":[{"taxonomy":"category","embeddable":true,"href":"http:\/\/www.mbnp.archidiecezja.wroc.pl\/index.php?rest_route=%2Fwp%2Fv2%2Fcategories&post=4032"},{"taxonomy":"post_tag","embeddable":true,"href":"http:\/\/www.mbnp.archidiecezja.wroc.pl\/index.php?rest_route=%2Fwp%2Fv2%2Ftags&post=4032"}],"curies":[{"name":"wp","href":"https:\/\/api.w.org\/{rel}","templated":true}]}}