{"id":4007,"date":"2019-09-17T10:58:50","date_gmt":"2019-09-17T08:58:50","guid":{"rendered":"http:\/\/www.mbnp.archidiecezja.wroc.pl\/?p=4007"},"modified":"2019-10-07T21:47:07","modified_gmt":"2019-10-07T19:47:07","slug":"nowi-swieci-w-naszej-parafii-2","status":"publish","type":"post","link":"http:\/\/www.mbnp.archidiecezja.wroc.pl\/?p=4007","title":{"rendered":"Nowi \u015awi\u0119ci w naszej Parafii"},"content":{"rendered":"\n<figure class=\"wp-block-image\"><img decoding=\"async\" loading=\"lazy\" width=\"960\" height=\"720\" src=\"http:\/\/www.mbnp.archidiecezja.wroc.pl\/wp-content\/uploads\/2019\/09\/Slajd14.jpg\" alt=\"\" class=\"wp-image-4002\" srcset=\"http:\/\/www.mbnp.archidiecezja.wroc.pl\/wp-content\/uploads\/2019\/09\/Slajd14.jpg 960w, http:\/\/www.mbnp.archidiecezja.wroc.pl\/wp-content\/uploads\/2019\/09\/Slajd14-300x225.jpg 300w, http:\/\/www.mbnp.archidiecezja.wroc.pl\/wp-content\/uploads\/2019\/09\/Slajd14-768x576.jpg 768w\" sizes=\"(max-width: 960px) 100vw, 960px\" \/><\/figure>\n\n\n\n<p>22 wrze\u015bnia 2019r., podczas Mszy \u015bw.\u00a0 o godz. 9:30, zosta\u0142y wprowadzone do naszego ko\u015bcio\u0142a relikwie kolejnych\u00a0 \u015bwi\u0119tych: \u015bw. br. Alberta Chmielowskiego i \u015bw. S. Bernardyny Jab\u0142o\u0144skiej. Zach\u0119camy do zapoznania si\u0119 z ich \u017cyciorysami:<\/p>\n\n\n\n<p><a href=\"https:\/\/brewiarz.pl\/czytelnia\/swieci\/06-17a.php3\">https:\/\/brewiarz.pl\/czytelnia\/swieci\/06-17a.php3<\/a><\/p>\n\n\n\n<p><a href=\"https:\/\/brewiarz.pl\/czytelnia\/swieci\/09-22b.php3\">https:\/\/brewiarz.pl\/czytelnia\/swieci\/09-22b.php3<\/a><\/p>\n\n\n\n<p><\/p>\n","protected":false},"excerpt":{"rendered":"<p>22 wrze\u015bnia 2019r., podczas Mszy \u015bw.\u00a0 o godz. 9:30, zosta\u0142y wprowadzone do naszego ko\u015bcio\u0142a relikwie kolejnych\u00a0 \u015bwi\u0119tych: \u015bw. br. Alberta Chmielowskiego i \u015bw. S. Bernardyny Jab\u0142o\u0144skiej. Zach\u0119camy do zapoznania si\u0119 &#8230;<\/p>\n","protected":false},"author":7,"featured_media":0,"comment_status":"closed","ping_status":"closed","sticky":false,"template":"","format":"standard","meta":[],"categories":[10],"tags":[],"_links":{"self":[{"href":"http:\/\/www.mbnp.archidiecezja.wroc.pl\/index.php?rest_route=\/wp\/v2\/posts\/4007"}],"collection":[{"href":"http:\/\/www.mbnp.archidiecezja.wroc.pl\/index.php?rest_route=\/wp\/v2\/posts"}],"about":[{"href":"http:\/\/www.mbnp.archidiecezja.wroc.pl\/index.php?rest_route=\/wp\/v2\/types\/post"}],"author":[{"embeddable":true,"href":"http:\/\/www.mbnp.archidiecezja.wroc.pl\/index.php?rest_route=\/wp\/v2\/users\/7"}],"replies":[{"embeddable":true,"href":"http:\/\/www.mbnp.archidiecezja.wroc.pl\/index.php?rest_route=%2Fwp%2Fv2%2Fcomments&post=4007"}],"version-history":[{"count":4,"href":"http:\/\/www.mbnp.archidiecezja.wroc.pl\/index.php?rest_route=\/wp\/v2\/posts\/4007\/revisions"}],"predecessor-version":[{"id":4019,"href":"http:\/\/www.mbnp.archidiecezja.wroc.pl\/index.php?rest_route=\/wp\/v2\/posts\/4007\/revisions\/4019"}],"wp:attachment":[{"href":"http:\/\/www.mbnp.archidiecezja.wroc.pl\/index.php?rest_route=%2Fwp%2Fv2%2Fmedia&parent=4007"}],"wp:term":[{"taxonomy":"category","embeddable":true,"href":"http:\/\/www.mbnp.archidiecezja.wroc.pl\/index.php?rest_route=%2Fwp%2Fv2%2Fcategories&post=4007"},{"taxonomy":"post_tag","embeddable":true,"href":"http:\/\/www.mbnp.archidiecezja.wroc.pl\/index.php?rest_route=%2Fwp%2Fv2%2Ftags&post=4007"}],"curies":[{"name":"wp","href":"https:\/\/api.w.org\/{rel}","templated":true}]}}