{"id":3981,"date":"2019-09-09T18:02:02","date_gmt":"2019-09-09T16:02:02","guid":{"rendered":"http:\/\/www.mbnp.archidiecezja.wroc.pl\/?p=3981"},"modified":"2019-09-27T21:55:07","modified_gmt":"2019-09-27T19:55:07","slug":"ix-tydzien-wychowania","status":"publish","type":"post","link":"http:\/\/www.mbnp.archidiecezja.wroc.pl\/?p=3981","title":{"rendered":"IX Tydzie\u0144 Wychowania"},"content":{"rendered":"\n<figure class=\"wp-block-image\"><img decoding=\"async\" loading=\"lazy\" width=\"1000\" height=\"485\" src=\"http:\/\/www.mbnp.archidiecezja.wroc.pl\/wp-content\/uploads\/2019\/09\/Tydzie\u0144-wychowania.jpg\" alt=\"\" class=\"wp-image-3982\" srcset=\"http:\/\/www.mbnp.archidiecezja.wroc.pl\/wp-content\/uploads\/2019\/09\/Tydzie\u0144-wychowania.jpg 1000w, http:\/\/www.mbnp.archidiecezja.wroc.pl\/wp-content\/uploads\/2019\/09\/Tydzie\u0144-wychowania-300x146.jpg 300w, http:\/\/www.mbnp.archidiecezja.wroc.pl\/wp-content\/uploads\/2019\/09\/Tydzie\u0144-wychowania-768x372.jpg 768w\" sizes=\"(max-width: 1000px) 100vw, 1000px\" \/><\/figure>\n\n\n<p class=\"indent\"><strong>Mottem tegorocznego, IX Tygodnia Wychowania, trwaj\u0105cego od 15 do 21 wrze\u015bnia br., s\u0105 s\u0142owa skierowane do Jezusa przez Jego przysz\u0142ych uczni\u00f3w: \u201eNauczycielu, gdzie mieszkasz?\u201d (J 1, 38). M\u00f3dlmy si\u0119 szczeg\u00f3lnie w tym czasie za tych, kt\u00f3rzy s\u0105 wychowywani, jak i za tych, kt\u00f3rzy wychowuj\u0105. Niech owocem ich wysi\u0142k\u00f3w, b\u0119dzie cz\u0142owiek, kt\u00f3ry nie tylko stawia pytania, ale szuka uczciwych odpowiedzi i szuka ich u\u00a0 Nie\u015bmiertelnych autorytet\u00f3w. A wszyscy starajmy si\u0119 by\u0107 \u015bwiadkami, kt\u00f3rych m\u0142ode pokolenie b\u0119dzie mog\u0142o na\u015bladowa\u0107 na drodze odkrywania prawdziwych warto\u015bci.<br \/><\/strong><\/p>\n<p class=\"indent\">\u00a0<\/p>\n<p><a href=\"http:\/\/tydzienwychowania.pl\/\">http:\/\/tydzienwychowania.pl\/<\/a><\/p>","protected":false},"excerpt":{"rendered":"<p>Mottem tegorocznego, IX Tygodnia Wychowania, trwaj\u0105cego od 15 do 21 wrze\u015bnia br., s\u0105 s\u0142owa skierowane do Jezusa przez Jego przysz\u0142ych uczni\u00f3w: \u201eNauczycielu, gdzie mieszkasz?\u201d (J 1, 38). M\u00f3dlmy si\u0119 szczeg\u00f3lnie &#8230;<\/p>\n","protected":false},"author":7,"featured_media":0,"comment_status":"closed","ping_status":"closed","sticky":false,"template":"","format":"standard","meta":[],"categories":[10],"tags":[],"_links":{"self":[{"href":"http:\/\/www.mbnp.archidiecezja.wroc.pl\/index.php?rest_route=\/wp\/v2\/posts\/3981"}],"collection":[{"href":"http:\/\/www.mbnp.archidiecezja.wroc.pl\/index.php?rest_route=\/wp\/v2\/posts"}],"about":[{"href":"http:\/\/www.mbnp.archidiecezja.wroc.pl\/index.php?rest_route=\/wp\/v2\/types\/post"}],"author":[{"embeddable":true,"href":"http:\/\/www.mbnp.archidiecezja.wroc.pl\/index.php?rest_route=\/wp\/v2\/users\/7"}],"replies":[{"embeddable":true,"href":"http:\/\/www.mbnp.archidiecezja.wroc.pl\/index.php?rest_route=%2Fwp%2Fv2%2Fcomments&post=3981"}],"version-history":[{"count":3,"href":"http:\/\/www.mbnp.archidiecezja.wroc.pl\/index.php?rest_route=\/wp\/v2\/posts\/3981\/revisions"}],"predecessor-version":[{"id":3989,"href":"http:\/\/www.mbnp.archidiecezja.wroc.pl\/index.php?rest_route=\/wp\/v2\/posts\/3981\/revisions\/3989"}],"wp:attachment":[{"href":"http:\/\/www.mbnp.archidiecezja.wroc.pl\/index.php?rest_route=%2Fwp%2Fv2%2Fmedia&parent=3981"}],"wp:term":[{"taxonomy":"category","embeddable":true,"href":"http:\/\/www.mbnp.archidiecezja.wroc.pl\/index.php?rest_route=%2Fwp%2Fv2%2Fcategories&post=3981"},{"taxonomy":"post_tag","embeddable":true,"href":"http:\/\/www.mbnp.archidiecezja.wroc.pl\/index.php?rest_route=%2Fwp%2Fv2%2Ftags&post=3981"}],"curies":[{"name":"wp","href":"https:\/\/api.w.org\/{rel}","templated":true}]}}