{"id":3946,"date":"2019-09-02T20:28:31","date_gmt":"2019-09-02T18:28:31","guid":{"rendered":"http:\/\/www.mbnp.archidiecezja.wroc.pl\/?p=3946"},"modified":"2019-09-21T21:03:35","modified_gmt":"2019-09-21T19:03:35","slug":"polska-pod-krzyzem","status":"publish","type":"post","link":"http:\/\/www.mbnp.archidiecezja.wroc.pl\/?p=3946","title":{"rendered":"Polska pod Krzy\u017cem"},"content":{"rendered":"\n<figure class=\"wp-block-image\"><img decoding=\"async\" loading=\"lazy\" width=\"1024\" height=\"576\" src=\"http:\/\/www.mbnp.archidiecezja.wroc.pl\/wp-content\/uploads\/2019\/09\/POLSKA_pod_Krzyzem_Wolanie-1024x576.jpg\" alt=\"\" class=\"wp-image-3947\" srcset=\"http:\/\/www.mbnp.archidiecezja.wroc.pl\/wp-content\/uploads\/2019\/09\/POLSKA_pod_Krzyzem_Wolanie-1024x576.jpg 1024w, http:\/\/www.mbnp.archidiecezja.wroc.pl\/wp-content\/uploads\/2019\/09\/POLSKA_pod_Krzyzem_Wolanie-300x169.jpg 300w, http:\/\/www.mbnp.archidiecezja.wroc.pl\/wp-content\/uploads\/2019\/09\/POLSKA_pod_Krzyzem_Wolanie-768x432.jpg 768w, http:\/\/www.mbnp.archidiecezja.wroc.pl\/wp-content\/uploads\/2019\/09\/POLSKA_pod_Krzyzem_Wolanie.jpg 1920w\" sizes=\"(max-width: 1024px) 100vw, 1024px\" \/><\/figure>\n\n\n\n<h2 class=\"wp-block-heading\"><\/h2>\n\n\n\n<p>                 W ostatnim czasie wzmog\u0142y si\u0119 ataki na Ko\u015bci\u00f3\u0142 ze strony antychrze\u015bcija\u0144skich \u015brodowisk.  Blu\u017anierstwa zacz\u0119\u0142y szerzy\u0107 si\u0119 na nieznan\u0105 nam skal\u0119.Us\u0142yszeli\u015bmy o ksi\u0119\u017cach pope\u0142niaj\u0105cych samob\u00f3jstwa i porzucaj\u0105cych stan kap\u0142a\u0144ski. Na ca\u0142ym \u015bwiecie ma miejsce masowe odej\u015bcie od wiary. To co dotychczas by\u0142o jasno nazywane grzechem staje si\u0119 przedmiotem debaty. P\u0142on\u0105 ko\u015bcio\u0142y i katedry. T\u0119 list\u0119 mogliby\u015bmy jeszcze wyd\u0142u\u017ca\u0107. Lepiej jednak zada\u0107 sobie pytanie: co mo\u017cemy teraz zrobi\u0107? Jeste\u015bmy chrze\u015bcijanami, lud\u017ami nadziei i znamy si\u0142\u0119 modlitwy.  A znakiem zwyci\u0119stwa jest dla nas Krzy\u017c Chrystusa.  Dlatego zapraszamy wszystkich na wsp\u00f3ln\u0105 modlitw\u0119 w blasku Krzy\u017ca Chrystusowego.                                                 <br><br>                 Wydarzenie rozpoczyna si\u0119 14 wrze\u015bnia o godzinie 11:00.  Wszystkich uczestnik\u00f3w prosimy o jak najwcze\u015bniejsze  przybywanie. Podr\u00f3\u017c na miejsce mo\u017ce mie\u0107 charakter  pielgrzymki. Wydarzenie sk\u0142ada si\u0119 zasadniczo z  dw\u00f3ch cz\u0119\u015bci. W sobot\u0119 poprzez: sakrament spowiedzi, Msz\u0119 \u015awi\u0119t\u0105,                 konferencj\u0119, \u015bwiadectwa z pomoc\u0105 obraz\u00f3w, muzyki i  \u015bwiat\u0142a idziemy pod Krzy\u017c.  Wieczorem rozpoczyna si\u0119 adoracja  Naj\u015bwi\u0119tszego  Sakramentu. Druga cz\u0119\u015b\u0107 to ca\u0142onocne czuwanie trwaj\u0105ce  do niedzielnego poranka w \u015bwi\u0119to Matki Bo\u017cej Bolesnej.             <\/p>\n\n\n\n<h1 class=\"wp-block-heading\"> Program <\/h1>\n\n\n\n<p> 09:00 Przyjmowanie pielgrzym\u00f3w na placu.<br> 10:45 Zawi\u0105zanie wsp\u00f3lnoty.<br> 11:00 R\u00f3\u017caniec: Tajemnice Bolesne.<br> 11:30 Konferencja wprowadzaj\u0105ca: \u201eOdrzucenie Krzy\u017ca i walka duchowa we wsp\u00f3\u0142czesnym \u015bwiecie\u201d, Lech Dokowicz.<br> 13:00 Przerwa na posi\u0142ek.<br>  15:00 Msza \u015awi\u0119ta wraz z uroczystym wniesieniem relikwii Krzy\u017ca \u015awi\u0119tego.<br> 17:30 Konferencja: ks. Dolindo Ruotolo oraz Joanna B\u0105tkiewicz-Bro\u017cek.<br> 18:30 Przerwa.<br>19:30 Droga Krzy\u017cowa.<br> 21:00 Apel Jasnog\u00f3rski: na \u017cywo z Jasnej G\u00f3ry.<br> 21:15 Adoracja Naj\u015bwi\u0119tszego Sakramentu.<br> 03:00 Zako\u0144czenie Adoracji i Msza \u015awi\u0119ta z niedzieli (\u015awi\u0119to Matki Bo\u017cej Bolesnej) <\/p>\n\n\n\n<p>https:\/\/polskapodkrzyzem.pl <\/p>\n\n\n\n<p><\/p>\n\n\n\n<p><\/p>\n\n\n\n<p><\/p>\n","protected":false},"excerpt":{"rendered":"<p>W ostatnim czasie wzmog\u0142y si\u0119 ataki na Ko\u015bci\u00f3\u0142 ze strony antychrze\u015bcija\u0144skich \u015brodowisk. Blu\u017anierstwa zacz\u0119\u0142y szerzy\u0107 si\u0119 na nieznan\u0105 nam skal\u0119.Us\u0142yszeli\u015bmy o ksi\u0119\u017cach pope\u0142niaj\u0105cych samob\u00f3jstwa i porzucaj\u0105cych stan kap\u0142a\u0144ski. Na ca\u0142ym &#8230;<\/p>\n","protected":false},"author":7,"featured_media":0,"comment_status":"closed","ping_status":"closed","sticky":false,"template":"","format":"standard","meta":[],"categories":[10],"tags":[],"_links":{"self":[{"href":"http:\/\/www.mbnp.archidiecezja.wroc.pl\/index.php?rest_route=\/wp\/v2\/posts\/3946"}],"collection":[{"href":"http:\/\/www.mbnp.archidiecezja.wroc.pl\/index.php?rest_route=\/wp\/v2\/posts"}],"about":[{"href":"http:\/\/www.mbnp.archidiecezja.wroc.pl\/index.php?rest_route=\/wp\/v2\/types\/post"}],"author":[{"embeddable":true,"href":"http:\/\/www.mbnp.archidiecezja.wroc.pl\/index.php?rest_route=\/wp\/v2\/users\/7"}],"replies":[{"embeddable":true,"href":"http:\/\/www.mbnp.archidiecezja.wroc.pl\/index.php?rest_route=%2Fwp%2Fv2%2Fcomments&post=3946"}],"version-history":[{"count":3,"href":"http:\/\/www.mbnp.archidiecezja.wroc.pl\/index.php?rest_route=\/wp\/v2\/posts\/3946\/revisions"}],"predecessor-version":[{"id":3950,"href":"http:\/\/www.mbnp.archidiecezja.wroc.pl\/index.php?rest_route=\/wp\/v2\/posts\/3946\/revisions\/3950"}],"wp:attachment":[{"href":"http:\/\/www.mbnp.archidiecezja.wroc.pl\/index.php?rest_route=%2Fwp%2Fv2%2Fmedia&parent=3946"}],"wp:term":[{"taxonomy":"category","embeddable":true,"href":"http:\/\/www.mbnp.archidiecezja.wroc.pl\/index.php?rest_route=%2Fwp%2Fv2%2Fcategories&post=3946"},{"taxonomy":"post_tag","embeddable":true,"href":"http:\/\/www.mbnp.archidiecezja.wroc.pl\/index.php?rest_route=%2Fwp%2Fv2%2Ftags&post=3946"}],"curies":[{"name":"wp","href":"https:\/\/api.w.org\/{rel}","templated":true}]}}