{"id":3882,"date":"2019-08-19T22:40:42","date_gmt":"2019-08-19T20:40:42","guid":{"rendered":"http:\/\/www.mbnp.archidiecezja.wroc.pl\/?p=3882"},"modified":"2019-09-09T17:43:46","modified_gmt":"2019-09-09T15:43:46","slug":"pomoc-dla-afryki","status":"publish","type":"post","link":"http:\/\/www.mbnp.archidiecezja.wroc.pl\/?p=3882","title":{"rendered":"Pomoc dla Afryki"},"content":{"rendered":"\n<p>Pomoc z naszej parafii dla dzieci ze Szko\u0142y Podstawowej w Nkoum w Kamerunie dotar\u0142a ju\u017c na miejsce. Dostali\u015bmy w\u0142a\u015bnie podzi\u0119kowanie wraz ze zdj\u0119ciami podopiecznych trzymaj\u0105cych tabliczki do nauki w szkole. <\/p>\n\n\n\n<p>Dzi\u0119kujemy wszystkim za pomoc i wsparcie szko\u0142y w Nkoum.<\/p>\n\n\n\n<figure class=\"wp-block-image\"><img decoding=\"async\" loading=\"lazy\" width=\"722\" height=\"1024\" src=\"http:\/\/www.mbnp.archidiecezja.wroc.pl\/wp-content\/uploads\/2019\/08\/Doume_000005-722x1024.jpg\" alt=\"\" class=\"wp-image-3883\" srcset=\"http:\/\/www.mbnp.archidiecezja.wroc.pl\/wp-content\/uploads\/2019\/08\/Doume_000005-722x1024.jpg 722w, http:\/\/www.mbnp.archidiecezja.wroc.pl\/wp-content\/uploads\/2019\/08\/Doume_000005-211x300.jpg 211w, http:\/\/www.mbnp.archidiecezja.wroc.pl\/wp-content\/uploads\/2019\/08\/Doume_000005-768x1089.jpg 768w\" sizes=\"(max-width: 722px) 100vw, 722px\" \/><\/figure>\n\n\n\n<figure class=\"wp-block-image\"><img decoding=\"async\" loading=\"lazy\" width=\"1024\" height=\"683\" src=\"http:\/\/www.mbnp.archidiecezja.wroc.pl\/wp-content\/uploads\/2019\/08\/DSC00430-1024x683.jpg\" alt=\"\" class=\"wp-image-3885\" srcset=\"http:\/\/www.mbnp.archidiecezja.wroc.pl\/wp-content\/uploads\/2019\/08\/DSC00430-1024x683.jpg 1024w, http:\/\/www.mbnp.archidiecezja.wroc.pl\/wp-content\/uploads\/2019\/08\/DSC00430-300x200.jpg 300w, http:\/\/www.mbnp.archidiecezja.wroc.pl\/wp-content\/uploads\/2019\/08\/DSC00430-768x512.jpg 768w\" sizes=\"(max-width: 1024px) 100vw, 1024px\" \/><\/figure>\n\n\n\n<figure class=\"wp-block-image\"><img decoding=\"async\" loading=\"lazy\" width=\"683\" height=\"1024\" src=\"http:\/\/www.mbnp.archidiecezja.wroc.pl\/wp-content\/uploads\/2019\/08\/DSC00427-e1566247104953-683x1024.jpg\" alt=\"\" class=\"wp-image-3887\" srcset=\"http:\/\/www.mbnp.archidiecezja.wroc.pl\/wp-content\/uploads\/2019\/08\/DSC00427-e1566247104953-683x1024.jpg 683w, http:\/\/www.mbnp.archidiecezja.wroc.pl\/wp-content\/uploads\/2019\/08\/DSC00427-e1566247104953-200x300.jpg 200w, http:\/\/www.mbnp.archidiecezja.wroc.pl\/wp-content\/uploads\/2019\/08\/DSC00427-e1566247104953-768x1152.jpg 768w\" sizes=\"(max-width: 683px) 100vw, 683px\" \/><\/figure>\n","protected":false},"excerpt":{"rendered":"<p>Pomoc z naszej parafii dla dzieci ze Szko\u0142y Podstawowej w Nkoum w Kamerunie dotar\u0142a ju\u017c na miejsce. Dostali\u015bmy w\u0142a\u015bnie podzi\u0119kowanie wraz ze zdj\u0119ciami podopiecznych trzymaj\u0105cych tabliczki do nauki w szkole. &#8230;<\/p>\n","protected":false},"author":7,"featured_media":0,"comment_status":"closed","ping_status":"open","sticky":false,"template":"","format":"standard","meta":[],"categories":[10],"tags":[],"_links":{"self":[{"href":"http:\/\/www.mbnp.archidiecezja.wroc.pl\/index.php?rest_route=\/wp\/v2\/posts\/3882"}],"collection":[{"href":"http:\/\/www.mbnp.archidiecezja.wroc.pl\/index.php?rest_route=\/wp\/v2\/posts"}],"about":[{"href":"http:\/\/www.mbnp.archidiecezja.wroc.pl\/index.php?rest_route=\/wp\/v2\/types\/post"}],"author":[{"embeddable":true,"href":"http:\/\/www.mbnp.archidiecezja.wroc.pl\/index.php?rest_route=\/wp\/v2\/users\/7"}],"replies":[{"embeddable":true,"href":"http:\/\/www.mbnp.archidiecezja.wroc.pl\/index.php?rest_route=%2Fwp%2Fv2%2Fcomments&post=3882"}],"version-history":[{"count":1,"href":"http:\/\/www.mbnp.archidiecezja.wroc.pl\/index.php?rest_route=\/wp\/v2\/posts\/3882\/revisions"}],"predecessor-version":[{"id":3888,"href":"http:\/\/www.mbnp.archidiecezja.wroc.pl\/index.php?rest_route=\/wp\/v2\/posts\/3882\/revisions\/3888"}],"wp:attachment":[{"href":"http:\/\/www.mbnp.archidiecezja.wroc.pl\/index.php?rest_route=%2Fwp%2Fv2%2Fmedia&parent=3882"}],"wp:term":[{"taxonomy":"category","embeddable":true,"href":"http:\/\/www.mbnp.archidiecezja.wroc.pl\/index.php?rest_route=%2Fwp%2Fv2%2Fcategories&post=3882"},{"taxonomy":"post_tag","embeddable":true,"href":"http:\/\/www.mbnp.archidiecezja.wroc.pl\/index.php?rest_route=%2Fwp%2Fv2%2Ftags&post=3882"}],"curies":[{"name":"wp","href":"https:\/\/api.w.org\/{rel}","templated":true}]}}