{"id":3800,"date":"2019-07-22T17:57:49","date_gmt":"2019-07-22T15:57:49","guid":{"rendered":"http:\/\/www.mbnp.archidiecezja.wroc.pl\/?p=3800"},"modified":"2024-07-17T13:00:31","modified_gmt":"2024-07-17T11:00:31","slug":"list-od-s-hanny-gnatowskiej","status":"publish","type":"post","link":"http:\/\/www.mbnp.archidiecezja.wroc.pl\/?p=3800","title":{"rendered":"List od s. Hanny Gnatowskiej"},"content":{"rendered":"\n<figure class=\"wp-block-image\"><img decoding=\"async\" loading=\"lazy\" width=\"722\" height=\"1024\" src=\"http:\/\/www.mbnp.archidiecezja.wroc.pl\/wp-content\/uploads\/2019\/07\/s.Hanna_000004-722x1024.jpg\" alt=\"\" class=\"wp-image-3801\" srcset=\"http:\/\/www.mbnp.archidiecezja.wroc.pl\/wp-content\/uploads\/2019\/07\/s.Hanna_000004-722x1024.jpg 722w, http:\/\/www.mbnp.archidiecezja.wroc.pl\/wp-content\/uploads\/2019\/07\/s.Hanna_000004-211x300.jpg 211w, http:\/\/www.mbnp.archidiecezja.wroc.pl\/wp-content\/uploads\/2019\/07\/s.Hanna_000004-768x1089.jpg 768w\" sizes=\"(max-width: 722px) 100vw, 722px\" \/><\/figure>\n\n\n\n<p>Pos\u0142ug\u0119 s. Hanny w Kamerunie mo\u017cna wesprze\u0107 poprzez dokonanie wp\u0142aty na konto:<\/p>\n\n\n\n<p><strong>56 1240 6218 1111 0000 4618 4036<\/strong>&nbsp;z dopiskiem: s. Hanna Gnatowska Kamerun Doume<\/p>\n","protected":false},"excerpt":{"rendered":"<p>Pos\u0142ug\u0119 s. Hanny w Kamerunie mo\u017cna wesprze\u0107 poprzez dokonanie wp\u0142aty na konto: 56 1240 6218 1111 0000 4618 4036&nbsp;z dopiskiem: s. Hanna Gnatowska Kamerun Doume<\/p>\n","protected":false},"author":7,"featured_media":0,"comment_status":"closed","ping_status":"open","sticky":false,"template":"","format":"standard","meta":[],"categories":[10],"tags":[],"_links":{"self":[{"href":"http:\/\/www.mbnp.archidiecezja.wroc.pl\/index.php?rest_route=\/wp\/v2\/posts\/3800"}],"collection":[{"href":"http:\/\/www.mbnp.archidiecezja.wroc.pl\/index.php?rest_route=\/wp\/v2\/posts"}],"about":[{"href":"http:\/\/www.mbnp.archidiecezja.wroc.pl\/index.php?rest_route=\/wp\/v2\/types\/post"}],"author":[{"embeddable":true,"href":"http:\/\/www.mbnp.archidiecezja.wroc.pl\/index.php?rest_route=\/wp\/v2\/users\/7"}],"replies":[{"embeddable":true,"href":"http:\/\/www.mbnp.archidiecezja.wroc.pl\/index.php?rest_route=%2Fwp%2Fv2%2Fcomments&post=3800"}],"version-history":[{"count":1,"href":"http:\/\/www.mbnp.archidiecezja.wroc.pl\/index.php?rest_route=\/wp\/v2\/posts\/3800\/revisions"}],"predecessor-version":[{"id":3802,"href":"http:\/\/www.mbnp.archidiecezja.wroc.pl\/index.php?rest_route=\/wp\/v2\/posts\/3800\/revisions\/3802"}],"wp:attachment":[{"href":"http:\/\/www.mbnp.archidiecezja.wroc.pl\/index.php?rest_route=%2Fwp%2Fv2%2Fmedia&parent=3800"}],"wp:term":[{"taxonomy":"category","embeddable":true,"href":"http:\/\/www.mbnp.archidiecezja.wroc.pl\/index.php?rest_route=%2Fwp%2Fv2%2Fcategories&post=3800"},{"taxonomy":"post_tag","embeddable":true,"href":"http:\/\/www.mbnp.archidiecezja.wroc.pl\/index.php?rest_route=%2Fwp%2Fv2%2Ftags&post=3800"}],"curies":[{"name":"wp","href":"https:\/\/api.w.org\/{rel}","templated":true}]}}