{"id":3687,"date":"2019-07-06T17:18:15","date_gmt":"2019-07-06T15:18:15","guid":{"rendered":"http:\/\/www.mbnp.archidiecezja.wroc.pl\/?p=3687"},"modified":"2019-09-09T17:46:27","modified_gmt":"2019-09-09T15:46:27","slug":"39-piesza-pielgrzymka-wroclawska","status":"publish","type":"post","link":"http:\/\/www.mbnp.archidiecezja.wroc.pl\/?p=3687","title":{"rendered":"39. Piesza Pielgrzymka Wroc\u0142awska"},"content":{"rendered":"\n<p>W\ndniach od 2 do 10 sierpnia br. odb\u0119dzie si\u0119 39. Piesza Pielgrzymka Wroc\u0142awska na\nJasna G\u00f3r\u0119. Nasza Parafia przypisana jest do Grupy 7, a zapisa\u0107 si\u0119 do niej mo\u017cna\nw Parafii Opatrzno\u015bci Bo\u017cej Wroc\u0142aw- Nowy Dw\u00f3r. Tych, kt\u00f3rzy nie mog\u0105 fizycznie\nuczestniczy\u0107 w pielgrzymowaniu do Tronu Kr\u00f3lowej Polska zach\u0119camy do zapis\u00f3w do\ngrupy duchowych uczestnik\u00f3w pielgrzymki- zapisy w zakrystii. W dniach\npielgrzymowania duchowi uczestnicy codziennie spotyka\u0107 si\u0119 b\u0119d\u0105 na wieczornej\nmodlitwie zako\u0144czonej Apelem Jasnog\u00f3rskim. Zach\u0119camy r\u00f3wnie\u017c do odwiedzenia\noficjalnej strony internetowej 39. Pieszej Pielgrzymki Wroc\u0142awskiej: <a href=\"http:\/\/www.pielgrzymka.pl\">www.pielgrzymka.pl<\/a> <\/p>\n","protected":false},"excerpt":{"rendered":"<p>W dniach od 2 do 10 sierpnia br. odb\u0119dzie si\u0119 39. Piesza Pielgrzymka Wroc\u0142awska na Jasna G\u00f3r\u0119. Nasza Parafia przypisana jest do Grupy 7, a zapisa\u0107 si\u0119 do niej mo\u017cna &#8230;<\/p>\n","protected":false},"author":7,"featured_media":3688,"comment_status":"closed","ping_status":"open","sticky":false,"template":"","format":"standard","meta":[],"categories":[10],"tags":[],"_links":{"self":[{"href":"http:\/\/www.mbnp.archidiecezja.wroc.pl\/index.php?rest_route=\/wp\/v2\/posts\/3687"}],"collection":[{"href":"http:\/\/www.mbnp.archidiecezja.wroc.pl\/index.php?rest_route=\/wp\/v2\/posts"}],"about":[{"href":"http:\/\/www.mbnp.archidiecezja.wroc.pl\/index.php?rest_route=\/wp\/v2\/types\/post"}],"author":[{"embeddable":true,"href":"http:\/\/www.mbnp.archidiecezja.wroc.pl\/index.php?rest_route=\/wp\/v2\/users\/7"}],"replies":[{"embeddable":true,"href":"http:\/\/www.mbnp.archidiecezja.wroc.pl\/index.php?rest_route=%2Fwp%2Fv2%2Fcomments&post=3687"}],"version-history":[{"count":1,"href":"http:\/\/www.mbnp.archidiecezja.wroc.pl\/index.php?rest_route=\/wp\/v2\/posts\/3687\/revisions"}],"predecessor-version":[{"id":3689,"href":"http:\/\/www.mbnp.archidiecezja.wroc.pl\/index.php?rest_route=\/wp\/v2\/posts\/3687\/revisions\/3689"}],"wp:featuredmedia":[{"embeddable":true,"href":"http:\/\/www.mbnp.archidiecezja.wroc.pl\/index.php?rest_route=\/wp\/v2\/media\/3688"}],"wp:attachment":[{"href":"http:\/\/www.mbnp.archidiecezja.wroc.pl\/index.php?rest_route=%2Fwp%2Fv2%2Fmedia&parent=3687"}],"wp:term":[{"taxonomy":"category","embeddable":true,"href":"http:\/\/www.mbnp.archidiecezja.wroc.pl\/index.php?rest_route=%2Fwp%2Fv2%2Fcategories&post=3687"},{"taxonomy":"post_tag","embeddable":true,"href":"http:\/\/www.mbnp.archidiecezja.wroc.pl\/index.php?rest_route=%2Fwp%2Fv2%2Ftags&post=3687"}],"curies":[{"name":"wp","href":"https:\/\/api.w.org\/{rel}","templated":true}]}}