{"id":3655,"date":"2019-07-03T09:55:19","date_gmt":"2019-07-03T07:55:19","guid":{"rendered":"http:\/\/www.mbnp.archidiecezja.wroc.pl\/?p=3655"},"modified":"2019-09-09T17:46:47","modified_gmt":"2019-09-09T15:46:47","slug":"rozstrzygniecie-plebiscytu-radia-rodzina-na-proboszcza-dolnego-slaska-2019","status":"publish","type":"post","link":"http:\/\/www.mbnp.archidiecezja.wroc.pl\/?p=3655","title":{"rendered":"Rozstrzygni\u0119cie Plebiscytu Radia Rodzina na Proboszcza Dolnego \u015al\u0105ska 2019"},"content":{"rendered":"\n<div class=\"wp-block-image\"><figure class=\"aligncenter\"><img decoding=\"async\" loading=\"lazy\" width=\"730\" height=\"1024\" src=\"http:\/\/www.mbnp.archidiecezja.wroc.pl\/wp-content\/uploads\/2019\/07\/Xerox-WorkCentre-3210_20190703092309_1-730x1024.jpg\" alt=\"\" class=\"wp-image-3656\" srcset=\"http:\/\/www.mbnp.archidiecezja.wroc.pl\/wp-content\/uploads\/2019\/07\/Xerox-WorkCentre-3210_20190703092309_1-730x1024.jpg 730w, http:\/\/www.mbnp.archidiecezja.wroc.pl\/wp-content\/uploads\/2019\/07\/Xerox-WorkCentre-3210_20190703092309_1-214x300.jpg 214w, http:\/\/www.mbnp.archidiecezja.wroc.pl\/wp-content\/uploads\/2019\/07\/Xerox-WorkCentre-3210_20190703092309_1-768x1077.jpg 768w\" sizes=\"(max-width: 730px) 100vw, 730px\" \/><\/figure><\/div>\n","protected":false},"excerpt":{"rendered":"","protected":false},"author":7,"featured_media":0,"comment_status":"closed","ping_status":"open","sticky":false,"template":"","format":"standard","meta":[],"categories":[10],"tags":[],"_links":{"self":[{"href":"http:\/\/www.mbnp.archidiecezja.wroc.pl\/index.php?rest_route=\/wp\/v2\/posts\/3655"}],"collection":[{"href":"http:\/\/www.mbnp.archidiecezja.wroc.pl\/index.php?rest_route=\/wp\/v2\/posts"}],"about":[{"href":"http:\/\/www.mbnp.archidiecezja.wroc.pl\/index.php?rest_route=\/wp\/v2\/types\/post"}],"author":[{"embeddable":true,"href":"http:\/\/www.mbnp.archidiecezja.wroc.pl\/index.php?rest_route=\/wp\/v2\/users\/7"}],"replies":[{"embeddable":true,"href":"http:\/\/www.mbnp.archidiecezja.wroc.pl\/index.php?rest_route=%2Fwp%2Fv2%2Fcomments&post=3655"}],"version-history":[{"count":2,"href":"http:\/\/www.mbnp.archidiecezja.wroc.pl\/index.php?rest_route=\/wp\/v2\/posts\/3655\/revisions"}],"predecessor-version":[{"id":3658,"href":"http:\/\/www.mbnp.archidiecezja.wroc.pl\/index.php?rest_route=\/wp\/v2\/posts\/3655\/revisions\/3658"}],"wp:attachment":[{"href":"http:\/\/www.mbnp.archidiecezja.wroc.pl\/index.php?rest_route=%2Fwp%2Fv2%2Fmedia&parent=3655"}],"wp:term":[{"taxonomy":"category","embeddable":true,"href":"http:\/\/www.mbnp.archidiecezja.wroc.pl\/index.php?rest_route=%2Fwp%2Fv2%2Fcategories&post=3655"},{"taxonomy":"post_tag","embeddable":true,"href":"http:\/\/www.mbnp.archidiecezja.wroc.pl\/index.php?rest_route=%2Fwp%2Fv2%2Ftags&post=3655"}],"curies":[{"name":"wp","href":"https:\/\/api.w.org\/{rel}","templated":true}]}}