{"id":3631,"date":"2019-06-08T23:06:54","date_gmt":"2019-06-08T21:06:54","guid":{"rendered":"http:\/\/www.mbnp.archidiecezja.wroc.pl\/?p=3631"},"modified":"2024-07-17T13:00:31","modified_gmt":"2024-07-17T11:00:31","slug":"petycja-w-obronie-wizerunku-matki-boskiej-czestochowskiej","status":"publish","type":"post","link":"http:\/\/www.mbnp.archidiecezja.wroc.pl\/?p=3631","title":{"rendered":"Petycja w obronie wizerunku Matki Boskiej Cz\u0119stochowskiej"},"content":{"rendered":"\n<div class=\"wp-block-image\"><figure class=\"aligncenter\"><img decoding=\"async\" loading=\"lazy\" width=\"650\" height=\"370\" src=\"http:\/\/www.mbnp.archidiecezja.wroc.pl\/wp-content\/uploads\/2019\/06\/mid_94.jpg\" alt=\"\" class=\"wp-image-3632\" srcset=\"http:\/\/www.mbnp.archidiecezja.wroc.pl\/wp-content\/uploads\/2019\/06\/mid_94.jpg 650w, http:\/\/www.mbnp.archidiecezja.wroc.pl\/wp-content\/uploads\/2019\/06\/mid_94-300x171.jpg 300w\" sizes=\"(max-width: 650px) 100vw, 650px\" \/><\/figure><\/div>\n\n\n\n<p style=\"text-align:left\">Zwracam si\u0119 z gor\u0105c\u0105 pro\u015bb\u0105 o podpisanie petycji w sprawie obrony wizerunku Matki Boskiej Cz\u0119stochowskiej. Petycja znajduje si\u0119 na stronie internetowej: <br><a rel=\"noreferrer noopener\" aria-label=\"https:\/\/www.petycjeonline.com\/obronie wizerunku Matki Boskiej Cz\u0119stochowskiej (otwiera si\u0119 na nowej zak\u0142adce)\" href=\"https:\/\/www.petycjeonline.com\/w_obronie_wizerunku_matki_boskiej_czstochowskiej\" target=\"_blank\">https:\/\/www.petycjeonline.com\/obronie wizerunku Matki Boskiej Cz\u0119stochowskiej<\/a>&nbsp;<br>Po podpisaniu petycji prosz\u0119 o potwierdzenie podpisu zgodnie z otrzymanym mailem oraz wys\u0142anie tej pro\u015bby do swojej Rodziny, przyjaci\u00f3\u0142, znajomych.&nbsp;&nbsp;&nbsp;&nbsp;&nbsp;&nbsp;&nbsp;&nbsp; <\/p>\n\n\n\n<p>Z g\u00f3ry dzi\u0119kuj\u0119 za zrozumienie i wsp\u00f3\u0142prac\u0119,&nbsp;&nbsp;&nbsp;&nbsp;&nbsp;&nbsp;&nbsp;&nbsp;&nbsp;&nbsp;&nbsp;&nbsp;&nbsp;&nbsp;&nbsp;&nbsp;&nbsp;&nbsp;&nbsp;&nbsp;&nbsp;<\/p>\n\n\n\n<p>Janusz Wolniak&nbsp;&nbsp;&nbsp;&nbsp;&nbsp;&nbsp;<\/p>\n\n\n\n<p>Prezes Akcji Katolickiej Archidiecezji Wroc\u0142awskiej <\/p>\n","protected":false},"excerpt":{"rendered":"<p>Zwracam si\u0119 z gor\u0105c\u0105 pro\u015bb\u0105 o podpisanie petycji w sprawie obrony wizerunku Matki Boskiej Cz\u0119stochowskiej. Petycja znajduje si\u0119 na stronie internetowej: https:\/\/www.petycjeonline.com\/obronie wizerunku Matki Boskiej Cz\u0119stochowskiej&nbsp;Po podpisaniu petycji prosz\u0119 o &#8230;<\/p>\n","protected":false},"author":7,"featured_media":0,"comment_status":"closed","ping_status":"open","sticky":false,"template":"","format":"standard","meta":[],"categories":[10],"tags":[],"_links":{"self":[{"href":"http:\/\/www.mbnp.archidiecezja.wroc.pl\/index.php?rest_route=\/wp\/v2\/posts\/3631"}],"collection":[{"href":"http:\/\/www.mbnp.archidiecezja.wroc.pl\/index.php?rest_route=\/wp\/v2\/posts"}],"about":[{"href":"http:\/\/www.mbnp.archidiecezja.wroc.pl\/index.php?rest_route=\/wp\/v2\/types\/post"}],"author":[{"embeddable":true,"href":"http:\/\/www.mbnp.archidiecezja.wroc.pl\/index.php?rest_route=\/wp\/v2\/users\/7"}],"replies":[{"embeddable":true,"href":"http:\/\/www.mbnp.archidiecezja.wroc.pl\/index.php?rest_route=%2Fwp%2Fv2%2Fcomments&post=3631"}],"version-history":[{"count":2,"href":"http:\/\/www.mbnp.archidiecezja.wroc.pl\/index.php?rest_route=\/wp\/v2\/posts\/3631\/revisions"}],"predecessor-version":[{"id":3634,"href":"http:\/\/www.mbnp.archidiecezja.wroc.pl\/index.php?rest_route=\/wp\/v2\/posts\/3631\/revisions\/3634"}],"wp:attachment":[{"href":"http:\/\/www.mbnp.archidiecezja.wroc.pl\/index.php?rest_route=%2Fwp%2Fv2%2Fmedia&parent=3631"}],"wp:term":[{"taxonomy":"category","embeddable":true,"href":"http:\/\/www.mbnp.archidiecezja.wroc.pl\/index.php?rest_route=%2Fwp%2Fv2%2Fcategories&post=3631"},{"taxonomy":"post_tag","embeddable":true,"href":"http:\/\/www.mbnp.archidiecezja.wroc.pl\/index.php?rest_route=%2Fwp%2Fv2%2Ftags&post=3631"}],"curies":[{"name":"wp","href":"https:\/\/api.w.org\/{rel}","templated":true}]}}