{"id":3610,"date":"2019-05-30T17:12:21","date_gmt":"2019-05-30T15:12:21","guid":{"rendered":"http:\/\/www.mbnp.archidiecezja.wroc.pl\/?p=3610"},"modified":"2019-09-09T17:47:41","modified_gmt":"2019-09-09T15:47:41","slug":"ministranci-wspomogli-swoich-kolegow-w-afryce","status":"publish","type":"post","link":"http:\/\/www.mbnp.archidiecezja.wroc.pl\/?p=3610","title":{"rendered":"Ministranci wspomogli swoich koleg\u00f3w w Afryce"},"content":{"rendered":"\n<p>Chyba ju\u017c ka\u017cdy z nas przyzwyczai\u0142 si\u0119 do nowych i pi\u0119knych stroj\u00f3w ministrant\u00f3w. Poprzednie, kt\u00f3re s\u0142u\u017cy\u0142y w naszej parafii przez lata, trafi\u0142y do Kamerunu. Tam w ma\u0142ej parafii w Doume, ciesz\u0105 ju\u017c nowych ch\u0142opc\u00f3w, kt\u00f3rzy s\u0142u\u017c\u0105 przy o\u0142tarzu.<\/p>\n\n\n\n<div class=\"wp-block-image\"><figure class=\"aligncenter is-resized\"><img decoding=\"async\" loading=\"lazy\" src=\"http:\/\/www.mbnp.archidiecezja.wroc.pl\/wp-content\/uploads\/2019\/05\/WhatsApp-Image-2019-05-30-at-12.31.31-1024x576.jpeg\" alt=\"\" class=\"wp-image-3611\" width=\"512\" height=\"288\" srcset=\"http:\/\/www.mbnp.archidiecezja.wroc.pl\/wp-content\/uploads\/2019\/05\/WhatsApp-Image-2019-05-30-at-12.31.31-1024x576.jpeg 1024w, http:\/\/www.mbnp.archidiecezja.wroc.pl\/wp-content\/uploads\/2019\/05\/WhatsApp-Image-2019-05-30-at-12.31.31-300x169.jpeg 300w, http:\/\/www.mbnp.archidiecezja.wroc.pl\/wp-content\/uploads\/2019\/05\/WhatsApp-Image-2019-05-30-at-12.31.31-768x432.jpeg 768w, http:\/\/www.mbnp.archidiecezja.wroc.pl\/wp-content\/uploads\/2019\/05\/WhatsApp-Image-2019-05-30-at-12.31.31.jpeg 1080w\" sizes=\"(max-width: 512px) 100vw, 512px\" \/><\/figure><\/div>\n\n\n\n<div class=\"wp-block-image\"><figure class=\"aligncenter is-resized\"><img decoding=\"async\" loading=\"lazy\" src=\"http:\/\/www.mbnp.archidiecezja.wroc.pl\/wp-content\/uploads\/2019\/05\/WhatsApp-Image-2019-05-30-at-12.31.43-576x1024.jpeg\" alt=\"\" class=\"wp-image-3612\" width=\"288\" height=\"512\"\/><\/figure><\/div>\n\n\n\n<div class=\"wp-block-image\"><figure class=\"aligncenter is-resized\"><img decoding=\"async\" loading=\"lazy\" src=\"http:\/\/www.mbnp.archidiecezja.wroc.pl\/wp-content\/uploads\/2019\/05\/WhatsApp-Image-2019-05-30-at-12.31.46-576x1024.jpeg\" alt=\"\" class=\"wp-image-3613\" width=\"288\" height=\"512\"\/><\/figure><\/div>\n","protected":false},"excerpt":{"rendered":"<p>Chyba ju\u017c ka\u017cdy z nas przyzwyczai\u0142 si\u0119 do nowych i pi\u0119knych stroj\u00f3w ministrant\u00f3w. Poprzednie, kt\u00f3re s\u0142u\u017cy\u0142y w naszej parafii przez lata, trafi\u0142y do Kamerunu. Tam w ma\u0142ej parafii w Doume, &#8230;<\/p>\n","protected":false},"author":7,"featured_media":0,"comment_status":"closed","ping_status":"open","sticky":false,"template":"","format":"standard","meta":[],"categories":[10],"tags":[],"_links":{"self":[{"href":"http:\/\/www.mbnp.archidiecezja.wroc.pl\/index.php?rest_route=\/wp\/v2\/posts\/3610"}],"collection":[{"href":"http:\/\/www.mbnp.archidiecezja.wroc.pl\/index.php?rest_route=\/wp\/v2\/posts"}],"about":[{"href":"http:\/\/www.mbnp.archidiecezja.wroc.pl\/index.php?rest_route=\/wp\/v2\/types\/post"}],"author":[{"embeddable":true,"href":"http:\/\/www.mbnp.archidiecezja.wroc.pl\/index.php?rest_route=\/wp\/v2\/users\/7"}],"replies":[{"embeddable":true,"href":"http:\/\/www.mbnp.archidiecezja.wroc.pl\/index.php?rest_route=%2Fwp%2Fv2%2Fcomments&post=3610"}],"version-history":[{"count":2,"href":"http:\/\/www.mbnp.archidiecezja.wroc.pl\/index.php?rest_route=\/wp\/v2\/posts\/3610\/revisions"}],"predecessor-version":[{"id":3615,"href":"http:\/\/www.mbnp.archidiecezja.wroc.pl\/index.php?rest_route=\/wp\/v2\/posts\/3610\/revisions\/3615"}],"wp:attachment":[{"href":"http:\/\/www.mbnp.archidiecezja.wroc.pl\/index.php?rest_route=%2Fwp%2Fv2%2Fmedia&parent=3610"}],"wp:term":[{"taxonomy":"category","embeddable":true,"href":"http:\/\/www.mbnp.archidiecezja.wroc.pl\/index.php?rest_route=%2Fwp%2Fv2%2Fcategories&post=3610"},{"taxonomy":"post_tag","embeddable":true,"href":"http:\/\/www.mbnp.archidiecezja.wroc.pl\/index.php?rest_route=%2Fwp%2Fv2%2Ftags&post=3610"}],"curies":[{"name":"wp","href":"https:\/\/api.w.org\/{rel}","templated":true}]}}