{"id":3590,"date":"2019-04-18T08:34:32","date_gmt":"2019-04-18T06:34:32","guid":{"rendered":"http:\/\/www.mbnp.archidiecezja.wroc.pl\/?p=3590"},"modified":"2024-07-17T13:00:31","modified_gmt":"2024-07-17T11:00:31","slug":"apel-przewodniczacego-konferencji-episkopatu-polski","status":"publish","type":"post","link":"http:\/\/www.mbnp.archidiecezja.wroc.pl\/?p=3590","title":{"rendered":"APEL PRZEWODNICZ\u0104CEGO KONFERENCJI EPISKOPATU POLSKI"},"content":{"rendered":"\n<p><strong>APEL&nbsp;PRZEWODNICZ\u0104CEGO KONFERENCJI EPISKOPATU POLSKI<\/strong><\/p>\n\n\n\n<p><strong>PO PO\u017bARZE KATEDRY NOTRE DAME W PARY\u017bU<\/strong><\/p>\n\n\n\n<p>Ludzie na ca\u0142ym \u015bwiecie z przera\u017ceniem obserwowali zatrwa\u017caj\u0105cy obraz p\u0142on\u0105cej katedry Notre Dame w Pary\u017cu.<\/p>\n\n\n\n<p>Przez wiele godzin wa\u017cy\u0142y si\u0119 losy serca Pary\u017ca, serca Francji i serca Europy. Powa\u017cnie zniszczona, ale ocalona paryska katedra, zjednoczy\u0142a w b\u00f3lu i smutku miliony ludzi na ca\u0142ym \u015bwiecie. Dzi\u015b jednoczy tak\u017ce nas, Polak\u00f3w, inicjatywa wsparcia odbudowy katedry Notre Dame, rozumianej nie tylko jako symbol bezcennego dziedzictwa kulturowego Europy, ale r\u00f3wnie\u017c jako symbol chrze\u015bcija\u0144skich warto\u015bci.<\/p>\n\n\n\n<p>Zwracam si\u0119 wi\u0119c najpierw do wszystkich Polak\u00f3w z apelem o pomoc materialn\u0105 w odbudowie katedry, kt\u00f3r\u0105 przeka\u017cemy za po\u015brednictwem akcji SMS-owej oraz przez dobrowolne wp\u0142aty na konto Caritas Polska, pocz\u0105wszy od Wielkiej \u015arody.<\/p>\n\n\n\n<p>Zwracam si\u0119 r\u00f3wnie\u017c do wszystkich ochrzczonych, zw\u0142aszcza do tych, kt\u00f3rzy w ostatnich latach zapomnieli o swoim chrze\u015bcija\u0144skim powo\u0142aniu, aby na nowo odkryli Chrystusa i stali si\u0119 Jego odwa\u017cnymi \u015bwiadkami.<\/p>\n\n\n\n<p>W paschalnym czasie przechodzenia z Chrystusem ze smutku do rado\u015bci, z rozpaczy do nadziei, ze \u015bmierci do \u017cycia, z serca b\u0142ogos\u0142awi\u0119,<\/p>\n\n\n\n<p>STANIS\u0141AW G\u0104DECKI<br>Arcybiskup Metropolita Pozna\u0144ski<br>Przewodnicz\u0105cy Konferencji Episkopatu Polski<\/p>\n\n\n\n<p>Wiceprzewodnicz\u0105cy Rady Konferencji Episkopat\u00f3w Europy (CCEE)<\/p>\n\n\n\n<p> Dobrowolnych wp\u0142at mo\u017cna dokonywa\u0107\u00a0<strong>na konto Caritas Polska:<br><br>77 1160 2202 0000 0000 3436 4384 z dopiskiem ODBUDOWA\u00a0<br><br>oraz wysy\u0142aj\u0105c SMS na nr 72052 o tre\u015bci: ODBUDOWA\u00a0<br><\/strong>(koszt 2,46 z VAT). <\/p>\n\n\n\n<figure class=\"wp-block-image\"><img decoding=\"async\" loading=\"lazy\" width=\"1024\" height=\"563\" src=\"http:\/\/www.mbnp.archidiecezja.wroc.pl\/wp-content\/uploads\/2019\/04\/d35d7916-c79a-4621-bbb4-7711702cf168-1024x563.jpg\" alt=\"\" class=\"wp-image-3591\"\/><\/figure>\n","protected":false},"excerpt":{"rendered":"<p>APEL&nbsp;PRZEWODNICZ\u0104CEGO KONFERENCJI EPISKOPATU POLSKI PO PO\u017bARZE KATEDRY NOTRE DAME W PARY\u017bU Ludzie na ca\u0142ym \u015bwiecie z przera\u017ceniem obserwowali zatrwa\u017caj\u0105cy obraz p\u0142on\u0105cej katedry Notre Dame w Pary\u017cu. Przez wiele godzin wa\u017cy\u0142y &#8230;<\/p>\n","protected":false},"author":7,"featured_media":0,"comment_status":"closed","ping_status":"open","sticky":false,"template":"","format":"standard","meta":[],"categories":[10],"tags":[],"_links":{"self":[{"href":"http:\/\/www.mbnp.archidiecezja.wroc.pl\/index.php?rest_route=\/wp\/v2\/posts\/3590"}],"collection":[{"href":"http:\/\/www.mbnp.archidiecezja.wroc.pl\/index.php?rest_route=\/wp\/v2\/posts"}],"about":[{"href":"http:\/\/www.mbnp.archidiecezja.wroc.pl\/index.php?rest_route=\/wp\/v2\/types\/post"}],"author":[{"embeddable":true,"href":"http:\/\/www.mbnp.archidiecezja.wroc.pl\/index.php?rest_route=\/wp\/v2\/users\/7"}],"replies":[{"embeddable":true,"href":"http:\/\/www.mbnp.archidiecezja.wroc.pl\/index.php?rest_route=%2Fwp%2Fv2%2Fcomments&post=3590"}],"version-history":[{"count":1,"href":"http:\/\/www.mbnp.archidiecezja.wroc.pl\/index.php?rest_route=\/wp\/v2\/posts\/3590\/revisions"}],"predecessor-version":[{"id":3592,"href":"http:\/\/www.mbnp.archidiecezja.wroc.pl\/index.php?rest_route=\/wp\/v2\/posts\/3590\/revisions\/3592"}],"wp:attachment":[{"href":"http:\/\/www.mbnp.archidiecezja.wroc.pl\/index.php?rest_route=%2Fwp%2Fv2%2Fmedia&parent=3590"}],"wp:term":[{"taxonomy":"category","embeddable":true,"href":"http:\/\/www.mbnp.archidiecezja.wroc.pl\/index.php?rest_route=%2Fwp%2Fv2%2Fcategories&post=3590"},{"taxonomy":"post_tag","embeddable":true,"href":"http:\/\/www.mbnp.archidiecezja.wroc.pl\/index.php?rest_route=%2Fwp%2Fv2%2Ftags&post=3590"}],"curies":[{"name":"wp","href":"https:\/\/api.w.org\/{rel}","templated":true}]}}