{"id":357,"date":"2015-09-20T16:52:59","date_gmt":"2015-09-20T14:52:59","guid":{"rendered":"http:\/\/www.mbnp.archidiecezja.wroc.pl\/wordpress\/?p=357"},"modified":"2015-12-19T16:53:28","modified_gmt":"2015-12-19T15:53:28","slug":"eucharystyczny-ruch-mlodych","status":"publish","type":"post","link":"http:\/\/www.mbnp.archidiecezja.wroc.pl\/?p=357","title":{"rendered":"EUCHARYSTYCZNY RUCH M\u0141ODYCH"},"content":{"rendered":"<p>W niedziel\u0119, 20 wrze\u015bnia o godzinie 11.00, dzieci z Eucharystycznego Ruchu M\u0142odych,<\/p>\n<p>uroczy\u015bcie rozpocz\u0119\u0142y nowy rok formacji.<\/p>\n<p>G\u0142\u00f3wnym celem ERM-u jest pog\u0142\u0119bienie przyja\u017ani z Jezusem Eucharystycznym.<\/p>\n<p>Formacj\u0119 ERM-u streszczaj\u0105 4 kr\u00f3tkie zasady:<\/p>\n<p>1.\u017byj Msz\u0105 \u015awi\u0119t\u0105<\/p>\n<p>2.Czytaj Ewangeli\u0119!<\/p>\n<p>3.Kochaj bli\u017anich!<\/p>\n<p>4.B\u0105d\u017a trzynastym aposto\u0142em!<\/p>\n<p>Spotkania odbywa\u0107 si\u0119 b\u0119d\u0105 w salce katechetycznej naszej parafii, w czwartki o godzinie 16.45.<\/p>\n<p>Ch\u0119tne dzieci\u00a0 zapraszamy na nasze spotkania.<\/p>\n","protected":false},"excerpt":{"rendered":"<p>W niedziel\u0119, 20 wrze\u015bnia o godzinie 11.00, dzieci z Eucharystycznego Ruchu M\u0142odych, uroczy\u015bcie rozpocz\u0119\u0142y nowy rok formacji. G\u0142\u00f3wnym celem ERM-u jest pog\u0142\u0119bienie przyja\u017ani z Jezusem Eucharystycznym. Formacj\u0119 ERM-u streszczaj\u0105 4 &#8230;<\/p>\n","protected":false},"author":7,"featured_media":0,"comment_status":"closed","ping_status":"open","sticky":false,"template":"","format":"standard","meta":[],"categories":[10],"tags":[],"_links":{"self":[{"href":"http:\/\/www.mbnp.archidiecezja.wroc.pl\/index.php?rest_route=\/wp\/v2\/posts\/357"}],"collection":[{"href":"http:\/\/www.mbnp.archidiecezja.wroc.pl\/index.php?rest_route=\/wp\/v2\/posts"}],"about":[{"href":"http:\/\/www.mbnp.archidiecezja.wroc.pl\/index.php?rest_route=\/wp\/v2\/types\/post"}],"author":[{"embeddable":true,"href":"http:\/\/www.mbnp.archidiecezja.wroc.pl\/index.php?rest_route=\/wp\/v2\/users\/7"}],"replies":[{"embeddable":true,"href":"http:\/\/www.mbnp.archidiecezja.wroc.pl\/index.php?rest_route=%2Fwp%2Fv2%2Fcomments&post=357"}],"version-history":[{"count":1,"href":"http:\/\/www.mbnp.archidiecezja.wroc.pl\/index.php?rest_route=\/wp\/v2\/posts\/357\/revisions"}],"predecessor-version":[{"id":358,"href":"http:\/\/www.mbnp.archidiecezja.wroc.pl\/index.php?rest_route=\/wp\/v2\/posts\/357\/revisions\/358"}],"wp:attachment":[{"href":"http:\/\/www.mbnp.archidiecezja.wroc.pl\/index.php?rest_route=%2Fwp%2Fv2%2Fmedia&parent=357"}],"wp:term":[{"taxonomy":"category","embeddable":true,"href":"http:\/\/www.mbnp.archidiecezja.wroc.pl\/index.php?rest_route=%2Fwp%2Fv2%2Fcategories&post=357"},{"taxonomy":"post_tag","embeddable":true,"href":"http:\/\/www.mbnp.archidiecezja.wroc.pl\/index.php?rest_route=%2Fwp%2Fv2%2Ftags&post=357"}],"curies":[{"name":"wp","href":"https:\/\/api.w.org\/{rel}","templated":true}]}}