{"id":353,"date":"2015-10-05T16:51:29","date_gmt":"2015-10-05T14:51:29","guid":{"rendered":"http:\/\/www.mbnp.archidiecezja.wroc.pl\/wordpress\/?p=353"},"modified":"2016-02-16T00:40:45","modified_gmt":"2016-02-15T23:40:45","slug":"obchody-piatej-rocznicy-smierci-ksiedza-pralat-franciszka-skorusy","status":"publish","type":"post","link":"http:\/\/www.mbnp.archidiecezja.wroc.pl\/?p=353","title":{"rendered":"Obchody pi\u0105tej rocznicy \u015bmierci Ksi\u0119dza Pra\u0142at Franciszka Skorusy"},"content":{"rendered":"<p style=\"text-align: center;\">Zapraszamy do obejrzenia galerii zdj\u0119\u0107 z uroczystych obchod\u00f3w pi\u0105tej rocznicy \u015bmierci Ksi\u0119dza Pra\u0142at Franciszka Skorusy, kt\u00f3re mia\u0142y miejsce 2 i 3 pa\u017adziernika 2015 r.. <strong>W pi\u0105tek 2.10.2015 r. o godz. 18.00 odprawiona by\u0142a Msza \u015awi\u0119ta pod przewodnictwem J. E. Ks. Bp. Ignacego Deca<\/strong> z udzia\u0142em ksi\u0119\u017cy z\u00a0dekanatu i ksi\u0119\u017cy, kt\u00f3rzy wsp\u00f3lnie z Ksi\u0119dzem Pra\u0142atem prze\u017cywali lata seminaryjne. Po Mszy \u015aw. ods\u0142oni\u0119to i po\u015bwi\u0119cono tablic\u0119 upami\u0119tniaj\u0105c\u0105 nadanie przez J.E. Ks. Abp. J\u00f3zefa Kupnego <strong>domowi parafialnemu imienia Ksi\u0119dza Pra\u0142ata Franciszka Skorusy.<\/strong> Natomiast <strong>w sobot\u0119 3.10.2015 r. o godz. 18.00 odprawiona by\u0142a Msza \u015awi\u0119ta pod przewodnictwem Ks. Inf. Adama Drwi\u0119gi<\/strong> z udzia\u0142em ksi\u0119\u017cy wsp\u00f3\u0142pracownik\u00f3w \u015bp. Ksi\u0119dza Pra\u0142ata Franciszka Skorusy. Po Mszy \u015aw. ods\u0142oni\u0119to wystaw\u0119 zdj\u0119\u0107 po\u015bwi\u0119con\u0105 pami\u0119ci Ksi\u0119dza Pra\u0142ata Franciszka Skorusy. Na uroczysto\u015bci rocznicowe przyby\u0142a rodzina Ksi\u0119dza Pra\u0142at z Chocho\u0142owa oraz licznie zgromadzili si\u0119 parafianie.<\/p>\n<h3 style=\"text-align: center;\"><a href=\"http:\/\/franciszekskorusa.pl\/home\/galeria?AG_MK=0&amp;AG_form_paginInitPages_0=1&amp;AG_form_albumInitFolders_0=zdjecia\/Piata-rocznica-smierci-Ks-Franciszka&amp;AG_form_scrollTop=0&amp;AG_form_scrollLeft=0&amp;AG_MK=0\">GALERIA<\/a><\/h3>\n<p>&nbsp;<\/p>\n<p><a href=\"http:\/\/www.mbnp.archidiecezja.wroc.pl\/wp-content\/uploads\/2015\/12\/skorusa_2-3.10.2015_1.jpg\" rel=\"lightbox[353]\"><img decoding=\"async\" loading=\"lazy\" class=\"aligncenter wp-image-354 size-full\" src=\"http:\/\/www.mbnp.archidiecezja.wroc.pl\/wp-content\/uploads\/2015\/12\/skorusa_2-3.10.2015_1.jpg\" alt=\"SONY DSC\" width=\"640\" height=\"426\" srcset=\"http:\/\/www.mbnp.archidiecezja.wroc.pl\/wp-content\/uploads\/2015\/12\/skorusa_2-3.10.2015_1.jpg 640w, http:\/\/www.mbnp.archidiecezja.wroc.pl\/wp-content\/uploads\/2015\/12\/skorusa_2-3.10.2015_1-300x200.jpg 300w\" sizes=\"(max-width: 640px) 100vw, 640px\" \/><\/a><\/p>\n<p>&nbsp;<\/p>\n<p><a href=\"http:\/\/www.mbnp.archidiecezja.wroc.pl\/wp-content\/uploads\/2015\/10\/Skorusa_2-3.10.2015_2.jpg\" rel=\"lightbox[353]\"><img decoding=\"async\" loading=\"lazy\" class=\"aligncenter wp-image-937 size-full\" src=\"http:\/\/www.mbnp.archidiecezja.wroc.pl\/wp-content\/uploads\/2015\/10\/Skorusa_2-3.10.2015_2.jpg\" alt=\"SONY DSC\" width=\"319\" height=\"480\" srcset=\"http:\/\/www.mbnp.archidiecezja.wroc.pl\/wp-content\/uploads\/2015\/10\/Skorusa_2-3.10.2015_2.jpg 319w, http:\/\/www.mbnp.archidiecezja.wroc.pl\/wp-content\/uploads\/2015\/10\/Skorusa_2-3.10.2015_2-199x300.jpg 199w\" sizes=\"(max-width: 319px) 100vw, 319px\" \/><\/a><\/p>\n<p><a href=\"http:\/\/www.mbnp.archidiecezja.wroc.pl\/wp-content\/uploads\/2015\/10\/Skorusa_2-3.10.2015_3.jpg\" rel=\"lightbox[353]\"><img decoding=\"async\" loading=\"lazy\" class=\"aligncenter wp-image-938 size-full\" src=\"http:\/\/www.mbnp.archidiecezja.wroc.pl\/wp-content\/uploads\/2015\/10\/Skorusa_2-3.10.2015_3.jpg\" alt=\"SONY DSC\" width=\"640\" height=\"426\" srcset=\"http:\/\/www.mbnp.archidiecezja.wroc.pl\/wp-content\/uploads\/2015\/10\/Skorusa_2-3.10.2015_3.jpg 640w, http:\/\/www.mbnp.archidiecezja.wroc.pl\/wp-content\/uploads\/2015\/10\/Skorusa_2-3.10.2015_3-300x200.jpg 300w\" sizes=\"(max-width: 640px) 100vw, 640px\" \/><\/a><\/p>\n<p><a href=\"http:\/\/www.mbnp.archidiecezja.wroc.pl\/wp-content\/uploads\/2015\/10\/Skorusa_2-3.10.2015_4.jpg\" rel=\"lightbox[353]\"><img decoding=\"async\" loading=\"lazy\" class=\"aligncenter wp-image-939 size-full\" src=\"http:\/\/www.mbnp.archidiecezja.wroc.pl\/wp-content\/uploads\/2015\/10\/Skorusa_2-3.10.2015_4.jpg\" alt=\"SONY DSC\" width=\"640\" height=\"426\" srcset=\"http:\/\/www.mbnp.archidiecezja.wroc.pl\/wp-content\/uploads\/2015\/10\/Skorusa_2-3.10.2015_4.jpg 640w, http:\/\/www.mbnp.archidiecezja.wroc.pl\/wp-content\/uploads\/2015\/10\/Skorusa_2-3.10.2015_4-300x200.jpg 300w\" sizes=\"(max-width: 640px) 100vw, 640px\" \/><\/a><\/p>\n<p style=\"text-align: center;\">Zapraszamy do odwiedzania strony po\u015bwi\u0119conej pami\u0119ci Ksi\u0119dza Franciszka: <a href=\"http:\/\/www.franciszekskorusa.pl\/\"><u>www.franciszekskorusa.pl<\/u><\/a><\/p>\n<p>&nbsp;<\/p>\n","protected":false},"excerpt":{"rendered":"<p>Zapraszamy do obejrzenia galerii zdj\u0119\u0107 z uroczystych obchod\u00f3w pi\u0105tej rocznicy \u015bmierci Ksi\u0119dza Pra\u0142at Franciszka Skorusy, kt\u00f3re mia\u0142y miejsce 2 i 3 pa\u017adziernika 2015 r.. W pi\u0105tek 2.10.2015 r. o godz. &#8230;<\/p>\n","protected":false},"author":7,"featured_media":0,"comment_status":"closed","ping_status":"open","sticky":false,"template":"","format":"standard","meta":[],"categories":[10],"tags":[],"_links":{"self":[{"href":"http:\/\/www.mbnp.archidiecezja.wroc.pl\/index.php?rest_route=\/wp\/v2\/posts\/353"}],"collection":[{"href":"http:\/\/www.mbnp.archidiecezja.wroc.pl\/index.php?rest_route=\/wp\/v2\/posts"}],"about":[{"href":"http:\/\/www.mbnp.archidiecezja.wroc.pl\/index.php?rest_route=\/wp\/v2\/types\/post"}],"author":[{"embeddable":true,"href":"http:\/\/www.mbnp.archidiecezja.wroc.pl\/index.php?rest_route=\/wp\/v2\/users\/7"}],"replies":[{"embeddable":true,"href":"http:\/\/www.mbnp.archidiecezja.wroc.pl\/index.php?rest_route=%2Fwp%2Fv2%2Fcomments&post=353"}],"version-history":[{"count":10,"href":"http:\/\/www.mbnp.archidiecezja.wroc.pl\/index.php?rest_route=\/wp\/v2\/posts\/353\/revisions"}],"predecessor-version":[{"id":1062,"href":"http:\/\/www.mbnp.archidiecezja.wroc.pl\/index.php?rest_route=\/wp\/v2\/posts\/353\/revisions\/1062"}],"wp:attachment":[{"href":"http:\/\/www.mbnp.archidiecezja.wroc.pl\/index.php?rest_route=%2Fwp%2Fv2%2Fmedia&parent=353"}],"wp:term":[{"taxonomy":"category","embeddable":true,"href":"http:\/\/www.mbnp.archidiecezja.wroc.pl\/index.php?rest_route=%2Fwp%2Fv2%2Fcategories&post=353"},{"taxonomy":"post_tag","embeddable":true,"href":"http:\/\/www.mbnp.archidiecezja.wroc.pl\/index.php?rest_route=%2Fwp%2Fv2%2Ftags&post=353"}],"curies":[{"name":"wp","href":"https:\/\/api.w.org\/{rel}","templated":true}]}}