{"id":350,"date":"2015-10-17T16:49:31","date_gmt":"2015-10-17T14:49:31","guid":{"rendered":"http:\/\/www.mbnp.archidiecezja.wroc.pl\/wordpress\/?p=350"},"modified":"2016-02-25T23:43:40","modified_gmt":"2016-02-25T22:43:40","slug":"pielgrzymka-ministrantow-do-trzebnicy-17-x-2015","status":"publish","type":"post","link":"http:\/\/www.mbnp.archidiecezja.wroc.pl\/?p=350","title":{"rendered":"Pielgrzymka ministrant\u00f3w do Trzebnicy 17 X 2015"},"content":{"rendered":"<p style=\"text-align: center;\">W tym roku ministranci z naszej parafii w\u0142\u0105czyli si\u0119 w obchody wspomnienia \u015bw. Jadwigi.<\/p>\n<p style=\"text-align: center;\">W sobot\u0119 udali si\u0119 do Trzebnicy, gdzie po Eucharystii pod przewodnictwem<\/p>\n<p style=\"text-align: center;\">ks. bp Andrzeja Siemieniewskiego, zjedli posi\u0142ek w domu Si\u00f3str Boromeuszek,<\/p>\n<p style=\"text-align: center;\">a nast\u0119pnie zwiedzili muzeum.<\/p>\n<p style=\"text-align: center;\">By\u0142o to r\u00f3wnie\u017c okazj\u0105 do wsp\u00f3lnej integracji z ministrantami z parafii<\/p>\n<p style=\"text-align: center;\">\u015bw. El\u017cbiety z ul. Grabiszy\u0144skiej oraz Macierzy\u0144stwa NMP z Pilczyc.<\/p>\n<h3 style=\"text-align: center;\"><a href=\"http:\/\/www.mbnp.archidiecezja.wroc.pl\/?page_id=176&amp;album=2015LSOPielgrzymkaMinistrantowDoTrzebnicy17102015\">GALERIA<\/a><\/h3>\n<p style=\"text-align: center;\"><a href=\"http:\/\/www.mbnp.archidiecezja.wroc.pl\/wp-content\/uploads\/2015\/12\/trz.jpg\" rel=\"lightbox[350]\"><img decoding=\"async\" loading=\"lazy\" class=\"aligncenter wp-image-351 size-full\" src=\"http:\/\/www.mbnp.archidiecezja.wroc.pl\/wp-content\/uploads\/2015\/12\/trz.jpg\" alt=\"trz\" width=\"960\" height=\"635\" srcset=\"http:\/\/www.mbnp.archidiecezja.wroc.pl\/wp-content\/uploads\/2015\/12\/trz.jpg 960w, http:\/\/www.mbnp.archidiecezja.wroc.pl\/wp-content\/uploads\/2015\/12\/trz-300x198.jpg 300w\" sizes=\"(max-width: 960px) 100vw, 960px\" \/><\/a><\/p>\n","protected":false},"excerpt":{"rendered":"<p>W tym roku ministranci z naszej parafii w\u0142\u0105czyli si\u0119 w obchody wspomnienia \u015bw. Jadwigi. W sobot\u0119 udali si\u0119 do Trzebnicy, gdzie po Eucharystii pod przewodnictwem ks. bp Andrzeja Siemieniewskiego, zjedli &#8230;<\/p>\n","protected":false},"author":7,"featured_media":0,"comment_status":"closed","ping_status":"open","sticky":false,"template":"","format":"standard","meta":[],"categories":[10],"tags":[],"_links":{"self":[{"href":"http:\/\/www.mbnp.archidiecezja.wroc.pl\/index.php?rest_route=\/wp\/v2\/posts\/350"}],"collection":[{"href":"http:\/\/www.mbnp.archidiecezja.wroc.pl\/index.php?rest_route=\/wp\/v2\/posts"}],"about":[{"href":"http:\/\/www.mbnp.archidiecezja.wroc.pl\/index.php?rest_route=\/wp\/v2\/types\/post"}],"author":[{"embeddable":true,"href":"http:\/\/www.mbnp.archidiecezja.wroc.pl\/index.php?rest_route=\/wp\/v2\/users\/7"}],"replies":[{"embeddable":true,"href":"http:\/\/www.mbnp.archidiecezja.wroc.pl\/index.php?rest_route=%2Fwp%2Fv2%2Fcomments&post=350"}],"version-history":[{"count":6,"href":"http:\/\/www.mbnp.archidiecezja.wroc.pl\/index.php?rest_route=\/wp\/v2\/posts\/350\/revisions"}],"predecessor-version":[{"id":1235,"href":"http:\/\/www.mbnp.archidiecezja.wroc.pl\/index.php?rest_route=\/wp\/v2\/posts\/350\/revisions\/1235"}],"wp:attachment":[{"href":"http:\/\/www.mbnp.archidiecezja.wroc.pl\/index.php?rest_route=%2Fwp%2Fv2%2Fmedia&parent=350"}],"wp:term":[{"taxonomy":"category","embeddable":true,"href":"http:\/\/www.mbnp.archidiecezja.wroc.pl\/index.php?rest_route=%2Fwp%2Fv2%2Fcategories&post=350"},{"taxonomy":"post_tag","embeddable":true,"href":"http:\/\/www.mbnp.archidiecezja.wroc.pl\/index.php?rest_route=%2Fwp%2Fv2%2Ftags&post=350"}],"curies":[{"name":"wp","href":"https:\/\/api.w.org\/{rel}","templated":true}]}}