{"id":3477,"date":"2019-03-16T10:15:13","date_gmt":"2019-03-16T09:15:13","guid":{"rendered":"http:\/\/www.mbnp.archidiecezja.wroc.pl\/?p=3477"},"modified":"2024-07-17T13:00:31","modified_gmt":"2024-07-17T11:00:31","slug":"rekolekcje-dla-ministrantow-i-ich-rodzicow","status":"publish","type":"post","link":"http:\/\/www.mbnp.archidiecezja.wroc.pl\/?p=3477","title":{"rendered":"Rekolekcje dla Ministrant\u00f3w i ich rodzic\u00f3w"},"content":{"rendered":"<p>Tegoroczny Wielki Post nasi ministranci, lektorzy i ceremoniarze oraz ich rodzice rozpocz\u0119li od rekolekcji w Z\u0105bkowicach \u015al\u0105skich. Miejscem\u00a0wielkopostnych \u0107wicze\u0144 duchowych\u00a0by\u0142 dom rekolekcyjny ksi\u0119\u017cy Pallotyn\u00f3w. Nauki rekolekcyjne poprowadzi\u0142 opiekun ministrant\u00f3w ks. Piotr Sierzchu\u0142a, kt\u00f3ry przybli\u017cy\u0142 posta\u0107 patrona Liturgicznej S\u0142u\u017cby O\u0142tarza \u015bw. Dominika Savio oraz zwr\u00f3ci\u0142 uwag\u0119 na rozw\u00f3j wiary i mi\u0142o\u015bci w codziennym \u017cyciu. W trakcie rekolekcji opr\u00f3cz codziennej modlitwy nie zabrak\u0142o miejsca na wsp\u00f3ln\u0105 zabaw\u0119 m.in. przy grach planszowych. Nauki rekolekcyjne zako\u0144czy\u0142a uroczysta Msza \u015bw. w ko\u015bciele pw. Naj\u015bwi\u0119tszego Serca Pana Jezusa, kt\u00f3rej przewodniczy\u0142 ks. Piotr.<\/p>\n<p style=\"text-align: center;\"><a href=\"http:\/\/www.mbnp.archidiecezja.wroc.pl\/?page_id=409\"><img decoding=\"async\" loading=\"lazy\" class=\"aligncenter wp-image-3478\" src=\"http:\/\/www.mbnp.archidiecezja.wroc.pl\/wp-content\/uploads\/2019\/03\/20190309_113649-e1552727687867-768x1024.jpg\" alt=\"20190309_113649\" width=\"450\" height=\"600\" \/>GALERIA<\/a><\/p>\n","protected":false},"excerpt":{"rendered":"<p>Tegoroczny Wielki Post nasi ministranci, lektorzy i ceremoniarze oraz ich rodzice rozpocz\u0119li od rekolekcji w Z\u0105bkowicach \u015al\u0105skich. Miejscem\u00a0wielkopostnych \u0107wicze\u0144 duchowych\u00a0by\u0142 dom rekolekcyjny ksi\u0119\u017cy Pallotyn\u00f3w. Nauki rekolekcyjne poprowadzi\u0142 opiekun ministrant\u00f3w ks. &#8230;<\/p>\n","protected":false},"author":7,"featured_media":0,"comment_status":"closed","ping_status":"open","sticky":false,"template":"","format":"standard","meta":[],"categories":[10],"tags":[],"_links":{"self":[{"href":"http:\/\/www.mbnp.archidiecezja.wroc.pl\/index.php?rest_route=\/wp\/v2\/posts\/3477"}],"collection":[{"href":"http:\/\/www.mbnp.archidiecezja.wroc.pl\/index.php?rest_route=\/wp\/v2\/posts"}],"about":[{"href":"http:\/\/www.mbnp.archidiecezja.wroc.pl\/index.php?rest_route=\/wp\/v2\/types\/post"}],"author":[{"embeddable":true,"href":"http:\/\/www.mbnp.archidiecezja.wroc.pl\/index.php?rest_route=\/wp\/v2\/users\/7"}],"replies":[{"embeddable":true,"href":"http:\/\/www.mbnp.archidiecezja.wroc.pl\/index.php?rest_route=%2Fwp%2Fv2%2Fcomments&post=3477"}],"version-history":[{"count":3,"href":"http:\/\/www.mbnp.archidiecezja.wroc.pl\/index.php?rest_route=\/wp\/v2\/posts\/3477\/revisions"}],"predecessor-version":[{"id":3522,"href":"http:\/\/www.mbnp.archidiecezja.wroc.pl\/index.php?rest_route=\/wp\/v2\/posts\/3477\/revisions\/3522"}],"wp:attachment":[{"href":"http:\/\/www.mbnp.archidiecezja.wroc.pl\/index.php?rest_route=%2Fwp%2Fv2%2Fmedia&parent=3477"}],"wp:term":[{"taxonomy":"category","embeddable":true,"href":"http:\/\/www.mbnp.archidiecezja.wroc.pl\/index.php?rest_route=%2Fwp%2Fv2%2Fcategories&post=3477"},{"taxonomy":"post_tag","embeddable":true,"href":"http:\/\/www.mbnp.archidiecezja.wroc.pl\/index.php?rest_route=%2Fwp%2Fv2%2Ftags&post=3477"}],"curies":[{"name":"wp","href":"https:\/\/api.w.org\/{rel}","templated":true}]}}