{"id":347,"date":"2015-10-20T16:46:53","date_gmt":"2015-10-20T14:46:53","guid":{"rendered":"http:\/\/www.mbnp.archidiecezja.wroc.pl\/wordpress\/?p=347"},"modified":"2016-02-25T23:43:12","modified_gmt":"2016-02-25T22:43:12","slug":"dzien-papieski-u-ministrantow","status":"publish","type":"post","link":"http:\/\/www.mbnp.archidiecezja.wroc.pl\/?p=347","title":{"rendered":"Dzie\u0144 Papieski u Ministrant\u00f3w"},"content":{"rendered":"<p style=\"text-align: center;\">Dzie\u0144 po liturgicznym wspomnieniu \u015bw. Jana Paw\u0142a II wsp\u00f3lnota ministrant\u00f3w<\/p>\n<p style=\"text-align: center;\">spotka\u0142a si\u0119, aby przypomnie\u0107 sobie sylwetk\u0119 tego Wielkiego Polaka.<\/p>\n<p style=\"text-align: center;\">Karol Wojty\u0142a by\u0142 ministrantem w Wadowicach,<\/p>\n<p style=\"text-align: center;\">by p\u00f3\u017aniej zosta\u0107 Ksi\u0119dzem, Biskupem, Kardyna\u0142em, a w ko\u0144cu Papie\u017cem.<\/p>\n<p style=\"text-align: center;\">Ministranci zobaczyli film o \u015bw. Janie Pawle II, zjedli papieskie krem\u00f3wki,<\/p>\n<p style=\"text-align: center;\">a na ko\u0144cu ka\u017cdy otrzyma\u0142 list od \u015bw. Jana Paw\u0142a II z fragmentami przem\u00f3wie\u0144<\/p>\n<p style=\"text-align: center;\">skierowanymi do Liturgicznej S\u0142u\u017cby O\u0142tarza i z Jego biografi\u0105 oraz obrazek z Jego wizerunkiem.<\/p>\n<p style=\"text-align: center;\">Za pomoc w organizacji Dnia Papieskiego serdecznie dzi\u0119kujemy rodzicom ministrant\u00f3w<\/p>\n<p style=\"text-align: center;\">oraz cukierni Filipinka.<\/p>\n<h3 style=\"text-align: center;\"><a href=\"http:\/\/www.mbnp.archidiecezja.wroc.pl\/?page_id=176&amp;album=2015LSODzienPapieskiUMinistrantow23102015\">GALERIA<\/a><\/h3>\n<p><a href=\"http:\/\/www.mbnp.archidiecezja.wroc.pl\/wp-content\/uploads\/2015\/12\/dp1.jpg\" rel=\"lightbox[347]\"><img decoding=\"async\" loading=\"lazy\" class=\"aligncenter wp-image-348 size-large\" src=\"http:\/\/www.mbnp.archidiecezja.wroc.pl\/wp-content\/uploads\/2015\/12\/dp1-1024x768.jpg\" alt=\"OLYMPUS DIGITAL CAMERA\" width=\"648\" height=\"486\" srcset=\"http:\/\/www.mbnp.archidiecezja.wroc.pl\/wp-content\/uploads\/2015\/12\/dp1.jpg 1024w, http:\/\/www.mbnp.archidiecezja.wroc.pl\/wp-content\/uploads\/2015\/12\/dp1-300x225.jpg 300w\" sizes=\"(max-width: 648px) 100vw, 648px\" \/><\/a><\/p>\n","protected":false},"excerpt":{"rendered":"<p>Dzie\u0144 po liturgicznym wspomnieniu \u015bw. Jana Paw\u0142a II wsp\u00f3lnota ministrant\u00f3w spotka\u0142a si\u0119, aby przypomnie\u0107 sobie sylwetk\u0119 tego Wielkiego Polaka. Karol Wojty\u0142a by\u0142 ministrantem w Wadowicach, by p\u00f3\u017aniej zosta\u0107 Ksi\u0119dzem, Biskupem, &#8230;<\/p>\n","protected":false},"author":7,"featured_media":0,"comment_status":"closed","ping_status":"open","sticky":false,"template":"","format":"standard","meta":[],"categories":[10],"tags":[],"_links":{"self":[{"href":"http:\/\/www.mbnp.archidiecezja.wroc.pl\/index.php?rest_route=\/wp\/v2\/posts\/347"}],"collection":[{"href":"http:\/\/www.mbnp.archidiecezja.wroc.pl\/index.php?rest_route=\/wp\/v2\/posts"}],"about":[{"href":"http:\/\/www.mbnp.archidiecezja.wroc.pl\/index.php?rest_route=\/wp\/v2\/types\/post"}],"author":[{"embeddable":true,"href":"http:\/\/www.mbnp.archidiecezja.wroc.pl\/index.php?rest_route=\/wp\/v2\/users\/7"}],"replies":[{"embeddable":true,"href":"http:\/\/www.mbnp.archidiecezja.wroc.pl\/index.php?rest_route=%2Fwp%2Fv2%2Fcomments&post=347"}],"version-history":[{"count":6,"href":"http:\/\/www.mbnp.archidiecezja.wroc.pl\/index.php?rest_route=\/wp\/v2\/posts\/347\/revisions"}],"predecessor-version":[{"id":1234,"href":"http:\/\/www.mbnp.archidiecezja.wroc.pl\/index.php?rest_route=\/wp\/v2\/posts\/347\/revisions\/1234"}],"wp:attachment":[{"href":"http:\/\/www.mbnp.archidiecezja.wroc.pl\/index.php?rest_route=%2Fwp%2Fv2%2Fmedia&parent=347"}],"wp:term":[{"taxonomy":"category","embeddable":true,"href":"http:\/\/www.mbnp.archidiecezja.wroc.pl\/index.php?rest_route=%2Fwp%2Fv2%2Fcategories&post=347"},{"taxonomy":"post_tag","embeddable":true,"href":"http:\/\/www.mbnp.archidiecezja.wroc.pl\/index.php?rest_route=%2Fwp%2Fv2%2Ftags&post=347"}],"curies":[{"name":"wp","href":"https:\/\/api.w.org\/{rel}","templated":true}]}}