{"id":3463,"date":"2019-03-06T13:24:26","date_gmt":"2019-03-06T12:24:26","guid":{"rendered":"http:\/\/www.mbnp.archidiecezja.wroc.pl\/?p=3463"},"modified":"2024-07-17T13:00:31","modified_gmt":"2024-07-17T11:00:31","slug":"niedziela-misyjna-2","status":"publish","type":"post","link":"http:\/\/www.mbnp.archidiecezja.wroc.pl\/?p=3463","title":{"rendered":"Niedziela misyjna"},"content":{"rendered":"<p>Ju\u017c nied\u0142ugo, bo 17 marca b\u0119dziemy prze\u017cywa\u0107 kolejn\u0105 niedziel\u0119 misyjn\u0105.\u00a0 Jest to\u00a0dzie\u0144 w kt\u00f3rym w spos\u00f3b szczeg\u00f3lny poprzez modlitw\u0119 i post wyra\u017camy nasz\u0105 solidarno\u015b\u0107 z misjonarzami. Mo\u017cemy tak\u017ce poprzez materialny dar serca wesprze\u0107 Ko\u015bci\u00f3\u0142 w krajach misyjnych. W tym roku, wzorem lat ubieg\u0142ych, pragniemy\u00a0r\u00f3wnie\u017c\u00a0wspom\u00f3c dzia\u0142alno\u015b\u0107 s. Hanny Gnatowskiej, kt\u00f3ra pos\u0142uguje w Kamerunie. Naszym zamiarem jest zakup tabliczek kredowych, na kt\u00f3rych dzieci b\u0119d\u0105 mog\u0142y uczy\u0107 si\u0119 pisa\u0107, liczy\u0107 i poznawa\u0107 Bo\u017ce przykazania. W tym celu zapraszamy wszystkich po Mszach \u015bw. do kawiarenki, gdzie przy kawie i ciastku, b\u0119dzie mo\u017cna tak\u0105 pomoc ofiarowa\u0107.<\/p>\n<p>Zdj\u0119cie dzieci ze szko\u0142y \u015bw. Paw\u0142a w Nkoum w Kamerunie:<a href=\"http:\/\/www.mbnp.archidiecezja.wroc.pl\/wp-content\/uploads\/2019\/03\/IMG-20190305-WA0000.jpg\" rel=\"lightbox[3463]\"><br \/>\n<\/a><\/p>\n<p style=\"text-align: center;\"><a href=\"http:\/\/www.mbnp.archidiecezja.wroc.pl\/wp-content\/uploads\/2019\/03\/IMG-20190305-WA0018.jpg\" rel=\"lightbox[3463]\"><img decoding=\"async\" loading=\"lazy\" class=\"aligncenter size-large wp-image-3465\" src=\"http:\/\/www.mbnp.archidiecezja.wroc.pl\/wp-content\/uploads\/2019\/03\/IMG-20190305-WA0018-1024x768.jpg\" alt=\"IMG-20190305-WA0018\" width=\"648\" height=\"486\" srcset=\"http:\/\/www.mbnp.archidiecezja.wroc.pl\/wp-content\/uploads\/2019\/03\/IMG-20190305-WA0018-1024x768.jpg 1024w, http:\/\/www.mbnp.archidiecezja.wroc.pl\/wp-content\/uploads\/2019\/03\/IMG-20190305-WA0018-300x225.jpg 300w, http:\/\/www.mbnp.archidiecezja.wroc.pl\/wp-content\/uploads\/2019\/03\/IMG-20190305-WA0018.jpg 1600w\" sizes=\"(max-width: 648px) 100vw, 648px\" \/><\/a><\/p>\n<p><a href=\"http:\/\/www.mbnp.archidiecezja.wroc.pl\/wp-content\/uploads\/2019\/03\/P2138258.jpg\" rel=\"lightbox[3463]\"><img decoding=\"async\" loading=\"lazy\" class=\"wp-image-3471 aligncenter\" src=\"http:\/\/www.mbnp.archidiecezja.wroc.pl\/wp-content\/uploads\/2019\/03\/P2138258-e1551876093700-768x1024.jpg\" alt=\"OLYMPUS DIGITAL CAMERA\" width=\"450\" height=\"600\" srcset=\"http:\/\/www.mbnp.archidiecezja.wroc.pl\/wp-content\/uploads\/2019\/03\/P2138258-e1551876093700-768x1024.jpg 768w, http:\/\/www.mbnp.archidiecezja.wroc.pl\/wp-content\/uploads\/2019\/03\/P2138258-e1551876093700-225x300.jpg 225w\" sizes=\"(max-width: 450px) 100vw, 450px\" \/><\/a><\/p>\n<p>&nbsp;<\/p>\n<p><a href=\"http:\/\/www.mbnp.archidiecezja.wroc.pl\/wp-content\/uploads\/2019\/03\/P2138261-e1551876265467.jpg\" rel=\"lightbox[3463]\"><img decoding=\"async\" loading=\"lazy\" class=\"wp-image-3472 aligncenter\" src=\"http:\/\/www.mbnp.archidiecezja.wroc.pl\/wp-content\/uploads\/2019\/03\/P2138261-e1551876265467-768x1024.jpg\" alt=\"\" width=\"450\" height=\"600\" srcset=\"http:\/\/www.mbnp.archidiecezja.wroc.pl\/wp-content\/uploads\/2019\/03\/P2138261-e1551876265467-768x1024.jpg 768w, http:\/\/www.mbnp.archidiecezja.wroc.pl\/wp-content\/uploads\/2019\/03\/P2138261-e1551876265467-225x300.jpg 225w\" sizes=\"(max-width: 450px) 100vw, 450px\" \/><\/a><\/p>\n<p>Papie\u017c Franciszek w nagranym spocie zach\u0119ca nas do modlitwy w intencji Ko\u015bcio\u0142a misyjnego:<\/p>\n<p style=\"text-align: center;\"><iframe loading=\"lazy\" src=\"\/\/www.youtube.com\/embed\/jdy6hvYl1IY\" width=\"425\" height=\"350\" allowfullscreen=\"allowfullscreen\"><\/iframe><\/p>\n","protected":false},"excerpt":{"rendered":"<p>Ju\u017c nied\u0142ugo, bo 17 marca b\u0119dziemy prze\u017cywa\u0107 kolejn\u0105 niedziel\u0119 misyjn\u0105.\u00a0 Jest to\u00a0dzie\u0144 w kt\u00f3rym w spos\u00f3b szczeg\u00f3lny poprzez modlitw\u0119 i post wyra\u017camy nasz\u0105 solidarno\u015b\u0107 z misjonarzami. Mo\u017cemy tak\u017ce poprzez materialny &#8230;<\/p>\n","protected":false},"author":7,"featured_media":0,"comment_status":"closed","ping_status":"open","sticky":false,"template":"","format":"standard","meta":[],"categories":[10],"tags":[],"_links":{"self":[{"href":"http:\/\/www.mbnp.archidiecezja.wroc.pl\/index.php?rest_route=\/wp\/v2\/posts\/3463"}],"collection":[{"href":"http:\/\/www.mbnp.archidiecezja.wroc.pl\/index.php?rest_route=\/wp\/v2\/posts"}],"about":[{"href":"http:\/\/www.mbnp.archidiecezja.wroc.pl\/index.php?rest_route=\/wp\/v2\/types\/post"}],"author":[{"embeddable":true,"href":"http:\/\/www.mbnp.archidiecezja.wroc.pl\/index.php?rest_route=\/wp\/v2\/users\/7"}],"replies":[{"embeddable":true,"href":"http:\/\/www.mbnp.archidiecezja.wroc.pl\/index.php?rest_route=%2Fwp%2Fv2%2Fcomments&post=3463"}],"version-history":[{"count":7,"href":"http:\/\/www.mbnp.archidiecezja.wroc.pl\/index.php?rest_route=\/wp\/v2\/posts\/3463\/revisions"}],"predecessor-version":[{"id":3474,"href":"http:\/\/www.mbnp.archidiecezja.wroc.pl\/index.php?rest_route=\/wp\/v2\/posts\/3463\/revisions\/3474"}],"wp:attachment":[{"href":"http:\/\/www.mbnp.archidiecezja.wroc.pl\/index.php?rest_route=%2Fwp%2Fv2%2Fmedia&parent=3463"}],"wp:term":[{"taxonomy":"category","embeddable":true,"href":"http:\/\/www.mbnp.archidiecezja.wroc.pl\/index.php?rest_route=%2Fwp%2Fv2%2Fcategories&post=3463"},{"taxonomy":"post_tag","embeddable":true,"href":"http:\/\/www.mbnp.archidiecezja.wroc.pl\/index.php?rest_route=%2Fwp%2Fv2%2Ftags&post=3463"}],"curies":[{"name":"wp","href":"https:\/\/api.w.org\/{rel}","templated":true}]}}