{"id":3451,"date":"2019-03-04T14:17:16","date_gmt":"2019-03-04T13:17:16","guid":{"rendered":"http:\/\/www.mbnp.archidiecezja.wroc.pl\/?p=3451"},"modified":"2024-07-17T13:00:31","modified_gmt":"2024-07-17T11:00:31","slug":"misjonarz-na-post","status":"publish","type":"post","link":"http:\/\/www.mbnp.archidiecezja.wroc.pl\/?p=3451","title":{"rendered":"Misjonarz na post"},"content":{"rendered":"<p>Rozpocz\u0119\u0142a si\u0119 kolejna edycja akcji pt. &#8222;Misjonarz na Wielki Post&#8221;. Na wszystkich kontynentach pos\u0142uguje obecnie ponad 2000 polskich misjonarzy. Zmagaj\u0105 si\u0119 oni z r\u00f3\u017cnymi problemami dotycz\u0105cymi codziennego \u017cycia ludzi, jak i tymi zwi\u0105zanymi z ewangelizacj\u0105. W\u015br\u00f3d nich znajduj\u0105 si\u0119 osoby \u017cycia konsekrowanego, kap\u0142ani diecezjalni oraz osoby \u015bwieckie. Potrzebuj\u0105 oni naszej pomocy, zar\u00f3wno tej materialnej, jak i duchowej. Ka\u017cdy kto w\u0142\u0105czy si\u0119 w akcj\u0119 duchowej adopcji misjonarza, mo\u017ce poprzez modlitw\u0119, post, ofiarowanie cierpienia wspom\u00f3c wybranego misjonarza.<\/p>\n<p>Co trzeba zrobi\u0107 by do\u0142\u0105czy\u0107 do akcji?<\/p>\n<ol>\n<li>Wejd\u017a na stron\u0119:\u00a0<a href=\"https:\/\/misjonarznapost.pl\/\">https:\/\/misjonarznapost.pl\/<\/a><\/li>\n<li>Wylosuj misjonarza.<\/li>\n<li>Rozpocznij wsparcie duchowe \ud83d\ude42<\/li>\n<\/ol>\n<p style=\"text-align: center;\"><a href=\"http:\/\/www.mbnp.archidiecezja.wroc.pl\/wp-content\/uploads\/2019\/03\/misjnarz-na-post-2019.png\" rel=\"lightbox[3451]\"><img decoding=\"async\" loading=\"lazy\" class=\"aligncenter wp-image-3459 size-large\" src=\"http:\/\/www.mbnp.archidiecezja.wroc.pl\/wp-content\/uploads\/2019\/03\/misjnarz-na-post-2019-1024x383.png\" alt=\"misjnarz-na-post-2019\" width=\"648\" height=\"242\" srcset=\"http:\/\/www.mbnp.archidiecezja.wroc.pl\/wp-content\/uploads\/2019\/03\/misjnarz-na-post-2019-1024x383.png 1024w, http:\/\/www.mbnp.archidiecezja.wroc.pl\/wp-content\/uploads\/2019\/03\/misjnarz-na-post-2019-300x112.png 300w, http:\/\/www.mbnp.archidiecezja.wroc.pl\/wp-content\/uploads\/2019\/03\/misjnarz-na-post-2019.png 1640w\" sizes=\"(max-width: 648px) 100vw, 648px\" \/><\/a><\/p>\n<p>&nbsp;<\/p>\n<p>&nbsp;<\/p>\n","protected":false},"excerpt":{"rendered":"<p>Rozpocz\u0119\u0142a si\u0119 kolejna edycja akcji pt. &#8222;Misjonarz na Wielki Post&#8221;. Na wszystkich kontynentach pos\u0142uguje obecnie ponad 2000 polskich misjonarzy. Zmagaj\u0105 si\u0119 oni z r\u00f3\u017cnymi problemami dotycz\u0105cymi codziennego \u017cycia ludzi, jak &#8230;<\/p>\n","protected":false},"author":7,"featured_media":0,"comment_status":"closed","ping_status":"open","sticky":false,"template":"","format":"standard","meta":[],"categories":[10],"tags":[],"_links":{"self":[{"href":"http:\/\/www.mbnp.archidiecezja.wroc.pl\/index.php?rest_route=\/wp\/v2\/posts\/3451"}],"collection":[{"href":"http:\/\/www.mbnp.archidiecezja.wroc.pl\/index.php?rest_route=\/wp\/v2\/posts"}],"about":[{"href":"http:\/\/www.mbnp.archidiecezja.wroc.pl\/index.php?rest_route=\/wp\/v2\/types\/post"}],"author":[{"embeddable":true,"href":"http:\/\/www.mbnp.archidiecezja.wroc.pl\/index.php?rest_route=\/wp\/v2\/users\/7"}],"replies":[{"embeddable":true,"href":"http:\/\/www.mbnp.archidiecezja.wroc.pl\/index.php?rest_route=%2Fwp%2Fv2%2Fcomments&post=3451"}],"version-history":[{"count":6,"href":"http:\/\/www.mbnp.archidiecezja.wroc.pl\/index.php?rest_route=\/wp\/v2\/posts\/3451\/revisions"}],"predecessor-version":[{"id":3462,"href":"http:\/\/www.mbnp.archidiecezja.wroc.pl\/index.php?rest_route=\/wp\/v2\/posts\/3451\/revisions\/3462"}],"wp:attachment":[{"href":"http:\/\/www.mbnp.archidiecezja.wroc.pl\/index.php?rest_route=%2Fwp%2Fv2%2Fmedia&parent=3451"}],"wp:term":[{"taxonomy":"category","embeddable":true,"href":"http:\/\/www.mbnp.archidiecezja.wroc.pl\/index.php?rest_route=%2Fwp%2Fv2%2Fcategories&post=3451"},{"taxonomy":"post_tag","embeddable":true,"href":"http:\/\/www.mbnp.archidiecezja.wroc.pl\/index.php?rest_route=%2Fwp%2Fv2%2Ftags&post=3451"}],"curies":[{"name":"wp","href":"https:\/\/api.w.org\/{rel}","templated":true}]}}