{"id":3422,"date":"2019-01-19T12:43:24","date_gmt":"2019-01-19T11:43:24","guid":{"rendered":"http:\/\/www.mbnp.archidiecezja.wroc.pl\/?p=3422"},"modified":"2024-05-08T04:06:37","modified_gmt":"2024-05-08T02:06:37","slug":"schola-boza-ferajna-w-naszej-parafii","status":"publish","type":"post","link":"http:\/\/www.mbnp.archidiecezja.wroc.pl\/?p=3422","title":{"rendered":"Schola &#8222;Bo\u017ca Ferajna&#8221; w naszej parafii"},"content":{"rendered":"<p>Na Mszy \u015bw. dla dzieci 13 stycznia 2019 r. go\u015bcili\u015bmy schol\u0119 dzieci\u0119co-m\u0142odzie\u017cow\u0105 z parafii pw. Micha\u0142a Archanio\u0142a we Wroc\u0142awiu &#8211; O\u0142binie pod kierownictwem s. Longiny. Schola nie tylko nada\u0142a wyj\u0105tkowy charakter Eucharystii swoj\u0105 obecno\u015bci\u0105, ale tak\u017ce ku zadowoleniu dzieci i rodzic\u00f3w, da\u0142a po Mszy \u015bw. kr\u00f3tki wyst\u0119p. Na\u00a0Eucharystii obecna by\u0142a tak\u017ce Liturgiczna S\u0142u\u017cba O\u0142tarza, kt\u00f3ra w tym dniu prze\u017cywa\u0142a sw\u00f3j dzie\u0144 skupienia.<\/p>\n<p style=\"text-align: center;\"><a href=\"http:\/\/www.mbnp.archidiecezja.wroc.pl\/wp-content\/uploads\/2019\/01\/WYJ_0538.jpg\" rel=\"lightbox[3422]\"><img decoding=\"async\" loading=\"lazy\" class=\"aligncenter size-large wp-image-3423\" src=\"http:\/\/www.mbnp.archidiecezja.wroc.pl\/wp-content\/uploads\/2019\/01\/WYJ_0538-1024x683.jpg\" alt=\"WYJ_0538\" width=\"648\" height=\"432\" srcset=\"http:\/\/www.mbnp.archidiecezja.wroc.pl\/wp-content\/uploads\/2019\/01\/WYJ_0538-1024x683.jpg 1024w, http:\/\/www.mbnp.archidiecezja.wroc.pl\/wp-content\/uploads\/2019\/01\/WYJ_0538-300x200.jpg 300w\" sizes=\"(max-width: 648px) 100vw, 648px\" \/><\/a><\/p>\n<p style=\"text-align: center;\"><iframe loading=\"lazy\" src=\"\/\/www.youtube.com\/embed\/lly8ANUaZ1E\" width=\"425\" height=\"350\" allowfullscreen=\"allowfullscreen\"><\/iframe><\/p>\n<p style=\"text-align: center;\"><iframe loading=\"lazy\" src=\"\/\/www.youtube.com\/embed\/zWS4pzKHiy8\" width=\"425\" height=\"350\" allowfullscreen=\"allowfullscreen\"><\/iframe><\/p>\n<p style=\"text-align: center;\"><iframe loading=\"lazy\" src=\"\/\/www.youtube.com\/embed\/_jt5XjCM8Bs\" width=\"425\" height=\"350\" allowfullscreen=\"allowfullscreen\"><\/iframe><\/p>\n<p style=\"text-align: center;\">GALERIA<\/p>\n","protected":false},"excerpt":{"rendered":"<p>Na Mszy \u015bw. dla dzieci 13 stycznia 2019 r. go\u015bcili\u015bmy schol\u0119 dzieci\u0119co-m\u0142odzie\u017cow\u0105 z parafii pw. Micha\u0142a Archanio\u0142a we Wroc\u0142awiu &#8211; O\u0142binie pod kierownictwem s. Longiny. Schola nie tylko nada\u0142a wyj\u0105tkowy &#8230;<\/p>\n","protected":false},"author":7,"featured_media":0,"comment_status":"closed","ping_status":"open","sticky":false,"template":"","format":"standard","meta":[],"categories":[10],"tags":[],"_links":{"self":[{"href":"http:\/\/www.mbnp.archidiecezja.wroc.pl\/index.php?rest_route=\/wp\/v2\/posts\/3422"}],"collection":[{"href":"http:\/\/www.mbnp.archidiecezja.wroc.pl\/index.php?rest_route=\/wp\/v2\/posts"}],"about":[{"href":"http:\/\/www.mbnp.archidiecezja.wroc.pl\/index.php?rest_route=\/wp\/v2\/types\/post"}],"author":[{"embeddable":true,"href":"http:\/\/www.mbnp.archidiecezja.wroc.pl\/index.php?rest_route=\/wp\/v2\/users\/7"}],"replies":[{"embeddable":true,"href":"http:\/\/www.mbnp.archidiecezja.wroc.pl\/index.php?rest_route=%2Fwp%2Fv2%2Fcomments&post=3422"}],"version-history":[{"count":5,"href":"http:\/\/www.mbnp.archidiecezja.wroc.pl\/index.php?rest_route=\/wp\/v2\/posts\/3422\/revisions"}],"predecessor-version":[{"id":3428,"href":"http:\/\/www.mbnp.archidiecezja.wroc.pl\/index.php?rest_route=\/wp\/v2\/posts\/3422\/revisions\/3428"}],"wp:attachment":[{"href":"http:\/\/www.mbnp.archidiecezja.wroc.pl\/index.php?rest_route=%2Fwp%2Fv2%2Fmedia&parent=3422"}],"wp:term":[{"taxonomy":"category","embeddable":true,"href":"http:\/\/www.mbnp.archidiecezja.wroc.pl\/index.php?rest_route=%2Fwp%2Fv2%2Fcategories&post=3422"},{"taxonomy":"post_tag","embeddable":true,"href":"http:\/\/www.mbnp.archidiecezja.wroc.pl\/index.php?rest_route=%2Fwp%2Fv2%2Ftags&post=3422"}],"curies":[{"name":"wp","href":"https:\/\/api.w.org\/{rel}","templated":true}]}}