{"id":3413,"date":"2019-01-19T11:54:31","date_gmt":"2019-01-19T10:54:31","guid":{"rendered":"http:\/\/www.mbnp.archidiecezja.wroc.pl\/?p=3413"},"modified":"2024-05-08T04:06:37","modified_gmt":"2024-05-08T02:06:37","slug":"spotkanie-oplatkowe-liturgicznej-sluzby-oltarza-13-01-2019-r","status":"publish","type":"post","link":"http:\/\/www.mbnp.archidiecezja.wroc.pl\/?p=3413","title":{"rendered":"Spotkanie op\u0142atkowe Liturgicznej S\u0142u\u017cby O\u0142tarza 13.01.2019 r."},"content":{"rendered":"<p>W niedziel\u0119 13 stycznia cz\u0142onkowie Liturgicznej S\u0142u\u017cby O\u0142tarza wraz z ks. Piotrem i dk. Micha\u0142em zgromadzili si\u0119 na spotkaniu op\u0142atkowym. Jak co roku towarzyszyli im rodzice oraz rodze\u0144stwo.\u00a0 Nie zabrak\u0142o przy tej okazji \u015bpiewu kol\u0119d, wsp\u00f3lnej modlitwy oraz posi\u0142ku. W trakcie spotkania ministranci, lektorzy i ceremoniarze zostali obdarowani upominkami, a najlepsi z nich nagrodzeni.<\/p>\n<p style=\"text-align: center;\"><a href=\"http:\/\/www.mbnp.archidiecezja.wroc.pl\/wp-content\/uploads\/2019\/01\/20190113_155033.jpg\" rel=\"lightbox[3413]\"><img decoding=\"async\" loading=\"lazy\" class=\"aligncenter size-large wp-image-3414\" src=\"http:\/\/www.mbnp.archidiecezja.wroc.pl\/wp-content\/uploads\/2019\/01\/20190113_155033-1024x768.jpg\" alt=\"20190113_155033\" width=\"648\" height=\"486\" srcset=\"http:\/\/www.mbnp.archidiecezja.wroc.pl\/wp-content\/uploads\/2019\/01\/20190113_155033-1024x768.jpg 1024w, http:\/\/www.mbnp.archidiecezja.wroc.pl\/wp-content\/uploads\/2019\/01\/20190113_155033-300x225.jpg 300w\" sizes=\"(max-width: 648px) 100vw, 648px\" \/><\/a><\/p>\n<p style=\"text-align: center;\"><iframe loading=\"lazy\" src=\"\/\/www.youtube.com\/embed\/aquKVnbDXaA\" width=\"425\" height=\"350\" allowfullscreen=\"allowfullscreen\"><\/iframe><\/p>\n<p style=\"text-align: center;\">GALERIA<\/p>\n","protected":false},"excerpt":{"rendered":"<p>W niedziel\u0119 13 stycznia cz\u0142onkowie Liturgicznej S\u0142u\u017cby O\u0142tarza wraz z ks. Piotrem i dk. Micha\u0142em zgromadzili si\u0119 na spotkaniu op\u0142atkowym. Jak co roku towarzyszyli im rodzice oraz rodze\u0144stwo.\u00a0 Nie zabrak\u0142o &#8230;<\/p>\n","protected":false},"author":7,"featured_media":0,"comment_status":"closed","ping_status":"open","sticky":false,"template":"","format":"standard","meta":[],"categories":[10],"tags":[],"_links":{"self":[{"href":"http:\/\/www.mbnp.archidiecezja.wroc.pl\/index.php?rest_route=\/wp\/v2\/posts\/3413"}],"collection":[{"href":"http:\/\/www.mbnp.archidiecezja.wroc.pl\/index.php?rest_route=\/wp\/v2\/posts"}],"about":[{"href":"http:\/\/www.mbnp.archidiecezja.wroc.pl\/index.php?rest_route=\/wp\/v2\/types\/post"}],"author":[{"embeddable":true,"href":"http:\/\/www.mbnp.archidiecezja.wroc.pl\/index.php?rest_route=\/wp\/v2\/users\/7"}],"replies":[{"embeddable":true,"href":"http:\/\/www.mbnp.archidiecezja.wroc.pl\/index.php?rest_route=%2Fwp%2Fv2%2Fcomments&post=3413"}],"version-history":[{"count":3,"href":"http:\/\/www.mbnp.archidiecezja.wroc.pl\/index.php?rest_route=\/wp\/v2\/posts\/3413\/revisions"}],"predecessor-version":[{"id":3421,"href":"http:\/\/www.mbnp.archidiecezja.wroc.pl\/index.php?rest_route=\/wp\/v2\/posts\/3413\/revisions\/3421"}],"wp:attachment":[{"href":"http:\/\/www.mbnp.archidiecezja.wroc.pl\/index.php?rest_route=%2Fwp%2Fv2%2Fmedia&parent=3413"}],"wp:term":[{"taxonomy":"category","embeddable":true,"href":"http:\/\/www.mbnp.archidiecezja.wroc.pl\/index.php?rest_route=%2Fwp%2Fv2%2Fcategories&post=3413"},{"taxonomy":"post_tag","embeddable":true,"href":"http:\/\/www.mbnp.archidiecezja.wroc.pl\/index.php?rest_route=%2Fwp%2Fv2%2Ftags&post=3413"}],"curies":[{"name":"wp","href":"https:\/\/api.w.org\/{rel}","templated":true}]}}