{"id":341,"date":"2015-10-26T16:44:02","date_gmt":"2015-10-26T15:44:02","guid":{"rendered":"http:\/\/www.mbnp.archidiecezja.wroc.pl\/wordpress\/?p=341"},"modified":"2016-02-25T23:40:16","modified_gmt":"2016-02-25T22:40:16","slug":"pielgrzymka-gimnazjalistow-do-henrykowa-23-x-2015","status":"publish","type":"post","link":"http:\/\/www.mbnp.archidiecezja.wroc.pl\/?p=341","title":{"rendered":"Pielgrzymka gimnazjalist\u00f3w do Henrykowa  23 X 2015"},"content":{"rendered":"<p>23 pa\u017adziernika gimnazjali\u015bci z naszej parafii, wraz z katechetami, uczestniczyli w Archidiecezjalnej Pielgrzymce Gimnazjalist\u00f3w do Henrykowa. Odwiedzili\u015bmy pocysterskie opactwo, zwiedzili\u015bmy klasztor i tereny przyklasztorne, mogli\u015bmy zobaczy\u0107 wiern\u0105 kopi\u0119 Ksi\u0119gi Henrykowskiej, w kt\u00f3rej zosta\u0142o zapisane pierwsze zdanie w j\u0119zyku polskim. Ksi\u0119ga ta zosta\u0142a wpisana w tym roku na list\u0119 \u015awiatowego Dziedzictwa UNESCO. Poznali\u015bmy m\u0142odzie\u017c ucz\u0105c\u0105 si\u0119 w KLO, kt\u00f3ra zaprezentowa\u0142a dla nas specjalny pokaz musztry wojskowej. By\u0142 tak\u017ce czas na powa\u017cne rozmowy w atmosferze rado\u015bci i spontanicznego muzykowania. Uczestniczyli\u015bmy we wspania\u0142ym programie ewangelizacyjnym, prowadzonym przez Arkadio \u2013 znanego rapera, pod has\u0142em: \u201eR\u00f3b to, co kochasz\u201d. W muzycznej ewangelizacji towarzyszy\u0142 nam wszystkim Ks. Jakub Bartczak. Arkadiusz Zbozie\u0144 podzieli\u0142 si\u0119 z m\u0142odzie\u017c\u0105 trudnymi do\u015bwiadczeniami ze swojego \u017cycia. Opowiedzia\u0142 o osobistym do\u015bwiadczaniu Boga w codzienno\u015bci. O odkrywaniu talent\u00f3w, o \u017cyciu z pasj\u0105 i spe\u0142nianiu swoich marze\u0144. \u201eWarto m\u00f3wi\u0107 do m\u0142odych autentycznie (\u2026). Je\u015bli g\u0142osimy prawd\u0119, ona do nich trafi. Obudowuj\u0119 j\u0105 w marzenia, pasje i talenty, czyli te elementy, kt\u00f3re ka\u017cdego z nas dotycz\u0105\u201d Na koniec by\u0142 czas na wsp\u00f3ln\u0105 modlitw\u0119 podczas Adoracji i uroczystej Mszy \u015bw. Homili\u0119 do m\u0142odych wyg\u0142osi\u0142 ks. Piotr Wawrzynek, diecezjalny duszpasterz m\u0142odzie\u017cy, rozwa\u017ca\u0142 w niej s\u0142owa \u015bw. Augustyna: \u201eKochaj i r\u00f3b co chcesz\u201d \u2013 \u201eMo\u017ce jest w twoim \u017cyciu tak, \u017ce chcia\u0142by\u015b kocha\u0107, ale nie potrafisz. W Ewangelii Jezus zach\u0119ca Ciebie do rozpoznawania swojego serca. Czy potrafisz zajrze\u0107 w g\u0142\u0105b twojego serca?\u201d Po uroczystej Mszy \u015bw. m\u0142odzie\u017c przyj\u0119\u0142a od Kap\u0142an\u00f3w osobiste b\u0142ogos\u0142awie\u0144stwo, otrzymuj\u0105c pami\u0105tkowy breloczek z napisem: \u201eNie wstydz\u0119 si\u0119 Jezusa\u201d. By\u0142o to wa\u017cne spotkanie. By\u0142 czas na refleksj\u0119 i modlitw\u0119, ale tak\u017ce na integracj\u0119 i spontaniczn\u0105 zabaw\u0119. Dzi\u0119kujemy organizatorom za ten bogaty czas\u00a0 i mamy nadziej\u0119, \u017ce przyniesie dobre owoce.<\/p>\n<p style=\"text-align: right;\">Anna Okurowska<br \/>\nDanuta Gawli\u0144ska<\/p>\n<h3 style=\"text-align: center;\"><a href=\"http:\/\/www.mbnp.archidiecezja.wroc.pl\/?page_id=176&amp;album=2015PielgrzymkaGimnazjalistowDoHenrykowa23102015\">GALERIA<\/a><\/h3>\n<p style=\"text-align: right;\"><a href=\"http:\/\/www.mbnp.archidiecezja.wroc.pl\/wp-content\/uploads\/2015\/12\/gimnazjalisci-w-henrykowie-2015.jpg\" rel=\"lightbox[341]\"><img decoding=\"async\" loading=\"lazy\" class=\"aligncenter wp-image-342 size-large\" src=\"http:\/\/www.mbnp.archidiecezja.wroc.pl\/wp-content\/uploads\/2015\/12\/gimnazjalisci-w-henrykowie-2015-1024x768.jpg\" alt=\"gimnazjalisci w henrykowie 2015\" width=\"648\" height=\"486\" srcset=\"http:\/\/www.mbnp.archidiecezja.wroc.pl\/wp-content\/uploads\/2015\/12\/gimnazjalisci-w-henrykowie-2015.jpg 1024w, http:\/\/www.mbnp.archidiecezja.wroc.pl\/wp-content\/uploads\/2015\/12\/gimnazjalisci-w-henrykowie-2015-300x225.jpg 300w\" sizes=\"(max-width: 648px) 100vw, 648px\" \/><\/a><\/p>\n","protected":false},"excerpt":{"rendered":"<p>23 pa\u017adziernika gimnazjali\u015bci z naszej parafii, wraz z katechetami, uczestniczyli w Archidiecezjalnej Pielgrzymce Gimnazjalist\u00f3w do Henrykowa. Odwiedzili\u015bmy pocysterskie opactwo, zwiedzili\u015bmy klasztor i tereny przyklasztorne, mogli\u015bmy zobaczy\u0107 wiern\u0105 kopi\u0119 Ksi\u0119gi Henrykowskiej, &#8230;<\/p>\n","protected":false},"author":7,"featured_media":0,"comment_status":"closed","ping_status":"open","sticky":false,"template":"","format":"standard","meta":[],"categories":[10],"tags":[],"_links":{"self":[{"href":"http:\/\/www.mbnp.archidiecezja.wroc.pl\/index.php?rest_route=\/wp\/v2\/posts\/341"}],"collection":[{"href":"http:\/\/www.mbnp.archidiecezja.wroc.pl\/index.php?rest_route=\/wp\/v2\/posts"}],"about":[{"href":"http:\/\/www.mbnp.archidiecezja.wroc.pl\/index.php?rest_route=\/wp\/v2\/types\/post"}],"author":[{"embeddable":true,"href":"http:\/\/www.mbnp.archidiecezja.wroc.pl\/index.php?rest_route=\/wp\/v2\/users\/7"}],"replies":[{"embeddable":true,"href":"http:\/\/www.mbnp.archidiecezja.wroc.pl\/index.php?rest_route=%2Fwp%2Fv2%2Fcomments&post=341"}],"version-history":[{"count":6,"href":"http:\/\/www.mbnp.archidiecezja.wroc.pl\/index.php?rest_route=\/wp\/v2\/posts\/341\/revisions"}],"predecessor-version":[{"id":1232,"href":"http:\/\/www.mbnp.archidiecezja.wroc.pl\/index.php?rest_route=\/wp\/v2\/posts\/341\/revisions\/1232"}],"wp:attachment":[{"href":"http:\/\/www.mbnp.archidiecezja.wroc.pl\/index.php?rest_route=%2Fwp%2Fv2%2Fmedia&parent=341"}],"wp:term":[{"taxonomy":"category","embeddable":true,"href":"http:\/\/www.mbnp.archidiecezja.wroc.pl\/index.php?rest_route=%2Fwp%2Fv2%2Fcategories&post=341"},{"taxonomy":"post_tag","embeddable":true,"href":"http:\/\/www.mbnp.archidiecezja.wroc.pl\/index.php?rest_route=%2Fwp%2Fv2%2Ftags&post=341"}],"curies":[{"name":"wp","href":"https:\/\/api.w.org\/{rel}","templated":true}]}}