{"id":3396,"date":"2018-12-31T12:17:03","date_gmt":"2018-12-31T11:17:03","guid":{"rendered":"http:\/\/www.mbnp.archidiecezja.wroc.pl\/?p=3396"},"modified":"2024-05-03T18:32:24","modified_gmt":"2024-05-03T16:32:24","slug":"1-podatku","status":"publish","type":"post","link":"http:\/\/www.mbnp.archidiecezja.wroc.pl\/?p=3396","title":{"rendered":"1% podatku"},"content":{"rendered":"<p>Jak co roku ka\u017cdy z nas mo\u017ce podzieli\u0107 si\u0119 1% podatku. Zach\u0119camy by w ten spos\u00f3b wspom\u00f3c dzia\u0142alno\u015b\u0107 misyjn\u0105 prowadzon\u0105 przez Siostry zakonne z Tanzanii.<\/p>\n<p style=\"text-align: center;\"><a href=\"http:\/\/www.mbnp.archidiecezja.wroc.pl\/wp-content\/uploads\/2018\/12\/49647084_378362719583904_4960732732058501120_n.jpg\" rel=\"lightbox[3396]\"><img decoding=\"async\" loading=\"lazy\" class=\"aligncenter size-full wp-image-3397\" src=\"http:\/\/www.mbnp.archidiecezja.wroc.pl\/wp-content\/uploads\/2018\/12\/49647084_378362719583904_4960732732058501120_n.jpg\" alt=\"49647084_378362719583904_4960732732058501120_n\" width=\"684\" height=\"960\" \/><\/a><\/p>\n","protected":false},"excerpt":{"rendered":"<p>Jak co roku ka\u017cdy z nas mo\u017ce podzieli\u0107 si\u0119 1% podatku. Zach\u0119camy by w ten spos\u00f3b wspom\u00f3c dzia\u0142alno\u015b\u0107 misyjn\u0105 prowadzon\u0105 przez Siostry zakonne z Tanzanii.<\/p>\n","protected":false},"author":7,"featured_media":0,"comment_status":"closed","ping_status":"open","sticky":false,"template":"","format":"standard","meta":[],"categories":[10],"tags":[],"_links":{"self":[{"href":"http:\/\/www.mbnp.archidiecezja.wroc.pl\/index.php?rest_route=\/wp\/v2\/posts\/3396"}],"collection":[{"href":"http:\/\/www.mbnp.archidiecezja.wroc.pl\/index.php?rest_route=\/wp\/v2\/posts"}],"about":[{"href":"http:\/\/www.mbnp.archidiecezja.wroc.pl\/index.php?rest_route=\/wp\/v2\/types\/post"}],"author":[{"embeddable":true,"href":"http:\/\/www.mbnp.archidiecezja.wroc.pl\/index.php?rest_route=\/wp\/v2\/users\/7"}],"replies":[{"embeddable":true,"href":"http:\/\/www.mbnp.archidiecezja.wroc.pl\/index.php?rest_route=%2Fwp%2Fv2%2Fcomments&post=3396"}],"version-history":[{"count":2,"href":"http:\/\/www.mbnp.archidiecezja.wroc.pl\/index.php?rest_route=\/wp\/v2\/posts\/3396\/revisions"}],"predecessor-version":[{"id":3399,"href":"http:\/\/www.mbnp.archidiecezja.wroc.pl\/index.php?rest_route=\/wp\/v2\/posts\/3396\/revisions\/3399"}],"wp:attachment":[{"href":"http:\/\/www.mbnp.archidiecezja.wroc.pl\/index.php?rest_route=%2Fwp%2Fv2%2Fmedia&parent=3396"}],"wp:term":[{"taxonomy":"category","embeddable":true,"href":"http:\/\/www.mbnp.archidiecezja.wroc.pl\/index.php?rest_route=%2Fwp%2Fv2%2Fcategories&post=3396"},{"taxonomy":"post_tag","embeddable":true,"href":"http:\/\/www.mbnp.archidiecezja.wroc.pl\/index.php?rest_route=%2Fwp%2Fv2%2Ftags&post=3396"}],"curies":[{"name":"wp","href":"https:\/\/api.w.org\/{rel}","templated":true}]}}