{"id":3384,"date":"2018-12-25T10:07:24","date_gmt":"2018-12-25T09:07:24","guid":{"rendered":"http:\/\/www.mbnp.archidiecezja.wroc.pl\/?p=3384"},"modified":"2024-05-05T10:10:01","modified_gmt":"2024-05-05T08:10:01","slug":"zyczenia-swiateczne","status":"publish","type":"post","link":"http:\/\/www.mbnp.archidiecezja.wroc.pl\/?p=3384","title":{"rendered":"\u017byczenia \u015bwi\u0105teczne"},"content":{"rendered":"<p>&#8222;(&#8230;) przez wieki spieszy Polska przez g\u0142usz\u0119 za\u015bnie\u017conych dr\u00f3g do ko\u015bcio\u0142\u00f3w, by w Pasterce wy\u015bpiewa\u0107 sw\u0105 dusz\u0119 Bogu, a serce nasyci\u0107 tajemnic\u0105 tej nocy&#8221;. kard. August Hlond<\/p>\n<p>\u017byczymy, by \u015awi\u0119ta Bo\u017cego Narodzenia rozpali\u0142y Wasze serca gorliwo\u015bci\u0105, by modlitwa sta\u0142a si\u0119 naturaln\u0105 cz\u0119\u015bci\u0105 Waszego \u017cycia, a nowo narodzone Dzieci\u0119 b\u0142ogos\u0142awi\u0142o Wam i Waszym rodzinom.<\/p>\n<p style=\"text-align: right;\">Duszpasterze<\/p>\n<p style=\"text-align: center;\"><a href=\"http:\/\/www.mbnp.archidiecezja.wroc.pl\/wp-content\/uploads\/2018\/12\/4495205711481278826.jpg\" rel=\"lightbox[3384]\"><img decoding=\"async\" loading=\"lazy\" class=\"aligncenter size-full wp-image-3385\" src=\"http:\/\/www.mbnp.archidiecezja.wroc.pl\/wp-content\/uploads\/2018\/12\/4495205711481278826.jpg\" alt=\"4495205711481278826\" width=\"900\" height=\"722\" srcset=\"http:\/\/www.mbnp.archidiecezja.wroc.pl\/wp-content\/uploads\/2018\/12\/4495205711481278826.jpg 900w, http:\/\/www.mbnp.archidiecezja.wroc.pl\/wp-content\/uploads\/2018\/12\/4495205711481278826-300x241.jpg 300w\" sizes=\"(max-width: 900px) 100vw, 900px\" \/><\/a><\/p>\n","protected":false},"excerpt":{"rendered":"<p>&#8222;(&#8230;) przez wieki spieszy Polska przez g\u0142usz\u0119 za\u015bnie\u017conych dr\u00f3g do ko\u015bcio\u0142\u00f3w, by w Pasterce wy\u015bpiewa\u0107 sw\u0105 dusz\u0119 Bogu, a serce nasyci\u0107 tajemnic\u0105 tej nocy&#8221;. kard. August Hlond \u017byczymy, by \u015awi\u0119ta &#8230;<\/p>\n","protected":false},"author":7,"featured_media":0,"comment_status":"closed","ping_status":"open","sticky":false,"template":"","format":"standard","meta":[],"categories":[10],"tags":[],"_links":{"self":[{"href":"http:\/\/www.mbnp.archidiecezja.wroc.pl\/index.php?rest_route=\/wp\/v2\/posts\/3384"}],"collection":[{"href":"http:\/\/www.mbnp.archidiecezja.wroc.pl\/index.php?rest_route=\/wp\/v2\/posts"}],"about":[{"href":"http:\/\/www.mbnp.archidiecezja.wroc.pl\/index.php?rest_route=\/wp\/v2\/types\/post"}],"author":[{"embeddable":true,"href":"http:\/\/www.mbnp.archidiecezja.wroc.pl\/index.php?rest_route=\/wp\/v2\/users\/7"}],"replies":[{"embeddable":true,"href":"http:\/\/www.mbnp.archidiecezja.wroc.pl\/index.php?rest_route=%2Fwp%2Fv2%2Fcomments&post=3384"}],"version-history":[{"count":1,"href":"http:\/\/www.mbnp.archidiecezja.wroc.pl\/index.php?rest_route=\/wp\/v2\/posts\/3384\/revisions"}],"predecessor-version":[{"id":3386,"href":"http:\/\/www.mbnp.archidiecezja.wroc.pl\/index.php?rest_route=\/wp\/v2\/posts\/3384\/revisions\/3386"}],"wp:attachment":[{"href":"http:\/\/www.mbnp.archidiecezja.wroc.pl\/index.php?rest_route=%2Fwp%2Fv2%2Fmedia&parent=3384"}],"wp:term":[{"taxonomy":"category","embeddable":true,"href":"http:\/\/www.mbnp.archidiecezja.wroc.pl\/index.php?rest_route=%2Fwp%2Fv2%2Fcategories&post=3384"},{"taxonomy":"post_tag","embeddable":true,"href":"http:\/\/www.mbnp.archidiecezja.wroc.pl\/index.php?rest_route=%2Fwp%2Fv2%2Ftags&post=3384"}],"curies":[{"name":"wp","href":"https:\/\/api.w.org\/{rel}","templated":true}]}}