{"id":3362,"date":"2018-12-03T12:00:52","date_gmt":"2018-12-03T11:00:52","guid":{"rendered":"http:\/\/www.mbnp.archidiecezja.wroc.pl\/?p=3362"},"modified":"2024-05-05T10:09:16","modified_gmt":"2024-05-05T08:09:16","slug":"roraty-2","status":"publish","type":"post","link":"http:\/\/www.mbnp.archidiecezja.wroc.pl\/?p=3362","title":{"rendered":"Roraty"},"content":{"rendered":"<p>W trakcie Adwentu zapraszamy na Msze \u015bw. roratnie:<\/p>\n<p>Poniedzia\u0142ek, Wtorek, Czwartek, Pi\u0105tek &#8211; godz. 18.00<\/p>\n<p>\u015aroda, Sobota &#8211; godz. 7.00<\/p>\n<p><a href=\"http:\/\/www.mbnp.archidiecezja.wroc.pl\/wp-content\/uploads\/2018\/12\/odsy\u0142acze_roraty.jpg\" rel=\"lightbox[3362]\"><img decoding=\"async\" loading=\"lazy\" class=\"aligncenter size-full wp-image-3363\" src=\"http:\/\/www.mbnp.archidiecezja.wroc.pl\/wp-content\/uploads\/2018\/12\/odsy\u0142acze_roraty.jpg\" alt=\"odsy\u0142acze_roraty\" width=\"640\" height=\"265\" srcset=\"http:\/\/www.mbnp.archidiecezja.wroc.pl\/wp-content\/uploads\/2018\/12\/odsy\u0142acze_roraty.jpg 640w, http:\/\/www.mbnp.archidiecezja.wroc.pl\/wp-content\/uploads\/2018\/12\/odsy\u0142acze_roraty-300x124.jpg 300w\" sizes=\"(max-width: 640px) 100vw, 640px\" \/><\/a><\/p>\n<p>&nbsp;<\/p>\n","protected":false},"excerpt":{"rendered":"<p>W trakcie Adwentu zapraszamy na Msze \u015bw. roratnie: Poniedzia\u0142ek, Wtorek, Czwartek, Pi\u0105tek &#8211; godz. 18.00 \u015aroda, Sobota &#8211; godz. 7.00 &nbsp;<\/p>\n","protected":false},"author":7,"featured_media":0,"comment_status":"closed","ping_status":"open","sticky":false,"template":"","format":"standard","meta":[],"categories":[10],"tags":[],"_links":{"self":[{"href":"http:\/\/www.mbnp.archidiecezja.wroc.pl\/index.php?rest_route=\/wp\/v2\/posts\/3362"}],"collection":[{"href":"http:\/\/www.mbnp.archidiecezja.wroc.pl\/index.php?rest_route=\/wp\/v2\/posts"}],"about":[{"href":"http:\/\/www.mbnp.archidiecezja.wroc.pl\/index.php?rest_route=\/wp\/v2\/types\/post"}],"author":[{"embeddable":true,"href":"http:\/\/www.mbnp.archidiecezja.wroc.pl\/index.php?rest_route=\/wp\/v2\/users\/7"}],"replies":[{"embeddable":true,"href":"http:\/\/www.mbnp.archidiecezja.wroc.pl\/index.php?rest_route=%2Fwp%2Fv2%2Fcomments&post=3362"}],"version-history":[{"count":2,"href":"http:\/\/www.mbnp.archidiecezja.wroc.pl\/index.php?rest_route=\/wp\/v2\/posts\/3362\/revisions"}],"predecessor-version":[{"id":3365,"href":"http:\/\/www.mbnp.archidiecezja.wroc.pl\/index.php?rest_route=\/wp\/v2\/posts\/3362\/revisions\/3365"}],"wp:attachment":[{"href":"http:\/\/www.mbnp.archidiecezja.wroc.pl\/index.php?rest_route=%2Fwp%2Fv2%2Fmedia&parent=3362"}],"wp:term":[{"taxonomy":"category","embeddable":true,"href":"http:\/\/www.mbnp.archidiecezja.wroc.pl\/index.php?rest_route=%2Fwp%2Fv2%2Fcategories&post=3362"},{"taxonomy":"post_tag","embeddable":true,"href":"http:\/\/www.mbnp.archidiecezja.wroc.pl\/index.php?rest_route=%2Fwp%2Fv2%2Ftags&post=3362"}],"curies":[{"name":"wp","href":"https:\/\/api.w.org\/{rel}","templated":true}]}}