{"id":335,"date":"2015-10-31T16:35:15","date_gmt":"2015-10-31T15:35:15","guid":{"rendered":"http:\/\/www.mbnp.archidiecezja.wroc.pl\/wordpress\/?p=335"},"modified":"2016-02-25T23:38:48","modified_gmt":"2016-02-25T22:38:48","slug":"bal-swietych-31-x-2015","status":"publish","type":"post","link":"http:\/\/www.mbnp.archidiecezja.wroc.pl\/?p=335","title":{"rendered":"Bal \u015awi\u0119tych 31 X 2015"},"content":{"rendered":"<p style=\"text-align: center;\">Koniec pa\u017adziernika \u0142\u0105czy si\u0119 z Balem Wszystkich \u015awi\u0119tych organizowanym<\/p>\n<p style=\"text-align: center;\">w naszej Parafii. W tym roku wzi\u0119\u0142o w nim udzia\u0142 ok. 50 dzieci<\/p>\n<p style=\"text-align: center;\">przebranych w stroje \u015bwi\u0119tych i b\u0142ogos\u0142awionych.<\/p>\n<h3 style=\"text-align: center;\"><a href=\"http:\/\/www.mbnp.archidiecezja.wroc.pl\/?page_id=176&amp;album=2015BalWszystkichSwietych31102015\">GALERIA<\/a><\/h3>\n<p style=\"text-align: center;\"><a href=\"http:\/\/www.mbnp.archidiecezja.wroc.pl\/wp-content\/uploads\/2015\/12\/bal9.jpg\" rel=\"lightbox[335]\"><img decoding=\"async\" loading=\"lazy\" class=\"aligncenter wp-image-336 size-large\" src=\"http:\/\/www.mbnp.archidiecezja.wroc.pl\/wp-content\/uploads\/2015\/12\/bal9-1024x768.jpg\" alt=\"bal9\" width=\"648\" height=\"486\" srcset=\"http:\/\/www.mbnp.archidiecezja.wroc.pl\/wp-content\/uploads\/2015\/12\/bal9.jpg 1024w, http:\/\/www.mbnp.archidiecezja.wroc.pl\/wp-content\/uploads\/2015\/12\/bal9-300x225.jpg 300w\" sizes=\"(max-width: 648px) 100vw, 648px\" \/><\/a><\/p>\n","protected":false},"excerpt":{"rendered":"<p>Koniec pa\u017adziernika \u0142\u0105czy si\u0119 z Balem Wszystkich \u015awi\u0119tych organizowanym w naszej Parafii. W tym roku wzi\u0119\u0142o w nim udzia\u0142 ok. 50 dzieci przebranych w stroje \u015bwi\u0119tych i b\u0142ogos\u0142awionych. GALERIA<\/p>\n","protected":false},"author":7,"featured_media":0,"comment_status":"closed","ping_status":"open","sticky":false,"template":"","format":"standard","meta":[],"categories":[10],"tags":[],"_links":{"self":[{"href":"http:\/\/www.mbnp.archidiecezja.wroc.pl\/index.php?rest_route=\/wp\/v2\/posts\/335"}],"collection":[{"href":"http:\/\/www.mbnp.archidiecezja.wroc.pl\/index.php?rest_route=\/wp\/v2\/posts"}],"about":[{"href":"http:\/\/www.mbnp.archidiecezja.wroc.pl\/index.php?rest_route=\/wp\/v2\/types\/post"}],"author":[{"embeddable":true,"href":"http:\/\/www.mbnp.archidiecezja.wroc.pl\/index.php?rest_route=\/wp\/v2\/users\/7"}],"replies":[{"embeddable":true,"href":"http:\/\/www.mbnp.archidiecezja.wroc.pl\/index.php?rest_route=%2Fwp%2Fv2%2Fcomments&post=335"}],"version-history":[{"count":5,"href":"http:\/\/www.mbnp.archidiecezja.wroc.pl\/index.php?rest_route=\/wp\/v2\/posts\/335\/revisions"}],"predecessor-version":[{"id":1229,"href":"http:\/\/www.mbnp.archidiecezja.wroc.pl\/index.php?rest_route=\/wp\/v2\/posts\/335\/revisions\/1229"}],"wp:attachment":[{"href":"http:\/\/www.mbnp.archidiecezja.wroc.pl\/index.php?rest_route=%2Fwp%2Fv2%2Fmedia&parent=335"}],"wp:term":[{"taxonomy":"category","embeddable":true,"href":"http:\/\/www.mbnp.archidiecezja.wroc.pl\/index.php?rest_route=%2Fwp%2Fv2%2Fcategories&post=335"},{"taxonomy":"post_tag","embeddable":true,"href":"http:\/\/www.mbnp.archidiecezja.wroc.pl\/index.php?rest_route=%2Fwp%2Fv2%2Ftags&post=335"}],"curies":[{"name":"wp","href":"https:\/\/api.w.org\/{rel}","templated":true}]}}