{"id":3345,"date":"2018-11-10T12:05:45","date_gmt":"2018-11-10T11:05:45","guid":{"rendered":"http:\/\/www.mbnp.archidiecezja.wroc.pl\/?p=3345"},"modified":"2024-05-05T10:08:53","modified_gmt":"2024-05-05T08:08:53","slug":"100-lecie-niepodleglosci","status":"publish","type":"post","link":"http:\/\/www.mbnp.archidiecezja.wroc.pl\/?p=3345","title":{"rendered":"100 lecie Niepodleg\u0142o\u015bci"},"content":{"rendered":"<p>11 listopada o godz. 9.30\u00a0zapraszamy na uroczyst\u0105 Eucharysti\u0119 w intencji Ojczyzny. Niech ten czas b\u0119dzie okazj\u0105 do budowania przez nas wsp\u00f3lnoty opartej na mi\u0142o\u015bci i wzajemnym zaufaniu.<\/p>\n<p style=\"text-align: center;\"><iframe loading=\"lazy\" src=\"\/\/www.youtube.com\/embed\/v7G-3KCGI6M\" width=\"425\" height=\"350\" allowfullscreen=\"allowfullscreen\"><\/iframe><\/p>\n<p style=\"text-align: center;\"><a href=\"http:\/\/www.mbnp.archidiecezja.wroc.pl\/wp-content\/uploads\/2018\/11\/5a2f66a02c72624a3d86550837fb4220.jpg\" rel=\"lightbox[3345]\"><img decoding=\"async\" loading=\"lazy\" class=\"aligncenter size-large wp-image-3346\" src=\"http:\/\/www.mbnp.archidiecezja.wroc.pl\/wp-content\/uploads\/2018\/11\/5a2f66a02c72624a3d86550837fb4220-1024x341.jpg\" alt=\"5a2f66a02c72624a3d86550837fb4220\" width=\"648\" height=\"216\" srcset=\"http:\/\/www.mbnp.archidiecezja.wroc.pl\/wp-content\/uploads\/2018\/11\/5a2f66a02c72624a3d86550837fb4220-1024x341.jpg 1024w, http:\/\/www.mbnp.archidiecezja.wroc.pl\/wp-content\/uploads\/2018\/11\/5a2f66a02c72624a3d86550837fb4220-300x100.jpg 300w\" sizes=\"(max-width: 648px) 100vw, 648px\" \/><\/a><\/p>\n","protected":false},"excerpt":{"rendered":"<p>11 listopada o godz. 9.30\u00a0zapraszamy na uroczyst\u0105 Eucharysti\u0119 w intencji Ojczyzny. Niech ten czas b\u0119dzie okazj\u0105 do budowania przez nas wsp\u00f3lnoty opartej na mi\u0142o\u015bci i wzajemnym zaufaniu.<\/p>\n","protected":false},"author":7,"featured_media":0,"comment_status":"closed","ping_status":"open","sticky":false,"template":"","format":"standard","meta":[],"categories":[10],"tags":[],"_links":{"self":[{"href":"http:\/\/www.mbnp.archidiecezja.wroc.pl\/index.php?rest_route=\/wp\/v2\/posts\/3345"}],"collection":[{"href":"http:\/\/www.mbnp.archidiecezja.wroc.pl\/index.php?rest_route=\/wp\/v2\/posts"}],"about":[{"href":"http:\/\/www.mbnp.archidiecezja.wroc.pl\/index.php?rest_route=\/wp\/v2\/types\/post"}],"author":[{"embeddable":true,"href":"http:\/\/www.mbnp.archidiecezja.wroc.pl\/index.php?rest_route=\/wp\/v2\/users\/7"}],"replies":[{"embeddable":true,"href":"http:\/\/www.mbnp.archidiecezja.wroc.pl\/index.php?rest_route=%2Fwp%2Fv2%2Fcomments&post=3345"}],"version-history":[{"count":1,"href":"http:\/\/www.mbnp.archidiecezja.wroc.pl\/index.php?rest_route=\/wp\/v2\/posts\/3345\/revisions"}],"predecessor-version":[{"id":3347,"href":"http:\/\/www.mbnp.archidiecezja.wroc.pl\/index.php?rest_route=\/wp\/v2\/posts\/3345\/revisions\/3347"}],"wp:attachment":[{"href":"http:\/\/www.mbnp.archidiecezja.wroc.pl\/index.php?rest_route=%2Fwp%2Fv2%2Fmedia&parent=3345"}],"wp:term":[{"taxonomy":"category","embeddable":true,"href":"http:\/\/www.mbnp.archidiecezja.wroc.pl\/index.php?rest_route=%2Fwp%2Fv2%2Fcategories&post=3345"},{"taxonomy":"post_tag","embeddable":true,"href":"http:\/\/www.mbnp.archidiecezja.wroc.pl\/index.php?rest_route=%2Fwp%2Fv2%2Ftags&post=3345"}],"curies":[{"name":"wp","href":"https:\/\/api.w.org\/{rel}","templated":true}]}}