{"id":3328,"date":"2018-10-24T09:14:49","date_gmt":"2018-10-24T07:14:49","guid":{"rendered":"http:\/\/www.mbnp.archidiecezja.wroc.pl\/?p=3328"},"modified":"2024-05-04T17:30:51","modified_gmt":"2024-05-04T15:30:51","slug":"oddaj-krew","status":"publish","type":"post","link":"http:\/\/www.mbnp.archidiecezja.wroc.pl\/?p=3328","title":{"rendered":"Oddaj krew"},"content":{"rendered":"<p><a href=\"http:\/\/www.mbnp.archidiecezja.wroc.pl\/wp-content\/uploads\/2018\/10\/apel-krew.jpg\" rel=\"lightbox[3328]\"><img decoding=\"async\" loading=\"lazy\" class=\"aligncenter size-large wp-image-3329\" src=\"http:\/\/www.mbnp.archidiecezja.wroc.pl\/wp-content\/uploads\/2018\/10\/apel-krew-1024x370.jpg\" alt=\"apel krew\" width=\"648\" height=\"234\" srcset=\"http:\/\/www.mbnp.archidiecezja.wroc.pl\/wp-content\/uploads\/2018\/10\/apel-krew-1024x370.jpg 1024w, http:\/\/www.mbnp.archidiecezja.wroc.pl\/wp-content\/uploads\/2018\/10\/apel-krew-300x108.jpg 300w, http:\/\/www.mbnp.archidiecezja.wroc.pl\/wp-content\/uploads\/2018\/10\/apel-krew.jpg 1485w\" sizes=\"(max-width: 648px) 100vw, 648px\" \/><\/a><\/p>\n<p style=\"font-weight: 400;\"><strong>Regionalne Centrum Krwiodawstwa i Krwiolecznictwa z Wroc\u0142awia apeluje o zg\u0142aszanie si\u0119 do oddawania krwi osoby z grupami ujemnymi.<\/strong>\u00a0<strong>Wystarczy godzina, \u017ceby uratowa\u0107 komu\u015b \u017cycie.\u201d<\/strong><\/p>\n<p style=\"font-weight: 400;\">Co chwil\u0119 gdzie\u015b w kraju dochodzi do wypadku a \u015brednio 1 osoba na 10 w szpitalu potrzebuje krwi.<\/p>\n<p style=\"font-weight: 400;\">Krew mo\u017cna oddawa\u0107 codziennie w RCKIK we Wroc\u0142awiu przy\u00a0\u00a0ul. Czerwonego Krzy\u017ca 5\/9, w Terenowym Oddziale w G\u0142ogowie, w Legnicy czy w Lubinie oraz na akcjach wyjazdowych na terenie Dolnego \u015al\u0105ska.\u00a0Kalendarz akcji dost\u0119pny jest na naszej stronie\u00a0<a href=\"http:\/\/www.rckik.wroclaw.pl\/\">www.rckik.wroclaw.pl<\/a><\/p>\n<p style=\"font-weight: 400;\">Przypominamy kto mo\u017ce odda\u0107 krew:\u00a0 ka\u017cda zdrowa pe\u0142noletnia osoba do 65-ego roku \u017cycia\u00a0 legitymuj\u0105ca si\u0119 dokumentem ze zdj\u0119ciem stwierdzaj\u0105cym to\u017csamo\u015b\u0107 wraz z numerem PESEL.<\/p>\n<p style=\"font-weight: 400;\">Przed oddaniem krwi lub jej sk\u0142adnik\u00f3w nale\u017cy:<\/p>\n<ul>\n<li style=\"font-weight: 400;\">By\u0107 wyspanym<\/li>\n<li style=\"font-weight: 400;\">W ci\u0105gu doby poprzedzaj\u0105cej oddanie krwi wypi\u0107 ok. 2 l p\u0142yn\u00f3w<\/li>\n<li style=\"font-weight: 400;\">Spo\u017cy\u0107 lekkostrawny posi\u0142ek<\/li>\n<li style=\"font-weight: 400;\">Ograniczy\u0107 palenie papieros\u00f3w<\/li>\n<li style=\"font-weight: 400;\">Nie przychodzi\u0107 do oddania krwi po spo\u017cyciu alkoholu lub innych \u015brodk\u00f3w zmieniaj\u0105cych nastr\u00f3j<\/li>\n<\/ul>\n","protected":false},"excerpt":{"rendered":"<p>Regionalne Centrum Krwiodawstwa i Krwiolecznictwa z Wroc\u0142awia apeluje o zg\u0142aszanie si\u0119 do oddawania krwi osoby z grupami ujemnymi.\u00a0Wystarczy godzina, \u017ceby uratowa\u0107 komu\u015b \u017cycie.\u201d Co chwil\u0119 gdzie\u015b w kraju dochodzi do &#8230;<\/p>\n","protected":false},"author":7,"featured_media":0,"comment_status":"closed","ping_status":"open","sticky":false,"template":"","format":"standard","meta":[],"categories":[10],"tags":[],"_links":{"self":[{"href":"http:\/\/www.mbnp.archidiecezja.wroc.pl\/index.php?rest_route=\/wp\/v2\/posts\/3328"}],"collection":[{"href":"http:\/\/www.mbnp.archidiecezja.wroc.pl\/index.php?rest_route=\/wp\/v2\/posts"}],"about":[{"href":"http:\/\/www.mbnp.archidiecezja.wroc.pl\/index.php?rest_route=\/wp\/v2\/types\/post"}],"author":[{"embeddable":true,"href":"http:\/\/www.mbnp.archidiecezja.wroc.pl\/index.php?rest_route=\/wp\/v2\/users\/7"}],"replies":[{"embeddable":true,"href":"http:\/\/www.mbnp.archidiecezja.wroc.pl\/index.php?rest_route=%2Fwp%2Fv2%2Fcomments&post=3328"}],"version-history":[{"count":1,"href":"http:\/\/www.mbnp.archidiecezja.wroc.pl\/index.php?rest_route=\/wp\/v2\/posts\/3328\/revisions"}],"predecessor-version":[{"id":3330,"href":"http:\/\/www.mbnp.archidiecezja.wroc.pl\/index.php?rest_route=\/wp\/v2\/posts\/3328\/revisions\/3330"}],"wp:attachment":[{"href":"http:\/\/www.mbnp.archidiecezja.wroc.pl\/index.php?rest_route=%2Fwp%2Fv2%2Fmedia&parent=3328"}],"wp:term":[{"taxonomy":"category","embeddable":true,"href":"http:\/\/www.mbnp.archidiecezja.wroc.pl\/index.php?rest_route=%2Fwp%2Fv2%2Fcategories&post=3328"},{"taxonomy":"post_tag","embeddable":true,"href":"http:\/\/www.mbnp.archidiecezja.wroc.pl\/index.php?rest_route=%2Fwp%2Fv2%2Ftags&post=3328"}],"curies":[{"name":"wp","href":"https:\/\/api.w.org\/{rel}","templated":true}]}}