{"id":3302,"date":"2018-09-22T19:47:32","date_gmt":"2018-09-22T17:47:32","guid":{"rendered":"http:\/\/www.mbnp.archidiecezja.wroc.pl\/?p=3302"},"modified":"2024-05-04T02:08:04","modified_gmt":"2024-05-04T00:08:04","slug":"zbiorka-darow-dla-s-hanny","status":"publish","type":"post","link":"http:\/\/www.mbnp.archidiecezja.wroc.pl\/?p=3302","title":{"rendered":"Zbi\u00f3rka dar\u00f3w dla s. Hanny"},"content":{"rendered":"<p style=\"text-align: center;\"><a href=\"http:\/\/www.mbnp.archidiecezja.wroc.pl\/wp-content\/uploads\/2018\/09\/s.-Hanna-zbi\u00f3rka.jpg\" rel=\"lightbox[3302]\"><img decoding=\"async\" loading=\"lazy\" class=\"aligncenter size-large wp-image-3303\" src=\"http:\/\/www.mbnp.archidiecezja.wroc.pl\/wp-content\/uploads\/2018\/09\/s.-Hanna-zbi\u00f3rka-1024x722.jpg\" alt=\"s. Hanna - zbi\u00f3rka\" width=\"648\" height=\"457\" srcset=\"http:\/\/www.mbnp.archidiecezja.wroc.pl\/wp-content\/uploads\/2018\/09\/s.-Hanna-zbi\u00f3rka-1024x722.jpg 1024w, http:\/\/www.mbnp.archidiecezja.wroc.pl\/wp-content\/uploads\/2018\/09\/s.-Hanna-zbi\u00f3rka-300x211.jpg 300w\" sizes=\"(max-width: 648px) 100vw, 648px\" \/><\/a><\/p>\n<p>Dary mo\u017cna przynosi\u0107 do Szko\u0142y Podstawowej nr 28 we Wroc\u0142awiu lub do ks. Piotra. Opr\u00f3cz wy\u017cej wymienionych rzeczy, zbieramy r\u00f3wnie\u017c: paracetamol i aspiryn\u0119.<\/p>\n","protected":false},"excerpt":{"rendered":"<p>Dary mo\u017cna przynosi\u0107 do Szko\u0142y Podstawowej nr 28 we Wroc\u0142awiu lub do ks. Piotra. Opr\u00f3cz wy\u017cej wymienionych rzeczy, zbieramy r\u00f3wnie\u017c: paracetamol i aspiryn\u0119.<\/p>\n","protected":false},"author":7,"featured_media":0,"comment_status":"closed","ping_status":"closed","sticky":false,"template":"","format":"standard","meta":[],"categories":[10],"tags":[],"_links":{"self":[{"href":"http:\/\/www.mbnp.archidiecezja.wroc.pl\/index.php?rest_route=\/wp\/v2\/posts\/3302"}],"collection":[{"href":"http:\/\/www.mbnp.archidiecezja.wroc.pl\/index.php?rest_route=\/wp\/v2\/posts"}],"about":[{"href":"http:\/\/www.mbnp.archidiecezja.wroc.pl\/index.php?rest_route=\/wp\/v2\/types\/post"}],"author":[{"embeddable":true,"href":"http:\/\/www.mbnp.archidiecezja.wroc.pl\/index.php?rest_route=\/wp\/v2\/users\/7"}],"replies":[{"embeddable":true,"href":"http:\/\/www.mbnp.archidiecezja.wroc.pl\/index.php?rest_route=%2Fwp%2Fv2%2Fcomments&post=3302"}],"version-history":[{"count":1,"href":"http:\/\/www.mbnp.archidiecezja.wroc.pl\/index.php?rest_route=\/wp\/v2\/posts\/3302\/revisions"}],"predecessor-version":[{"id":3304,"href":"http:\/\/www.mbnp.archidiecezja.wroc.pl\/index.php?rest_route=\/wp\/v2\/posts\/3302\/revisions\/3304"}],"wp:attachment":[{"href":"http:\/\/www.mbnp.archidiecezja.wroc.pl\/index.php?rest_route=%2Fwp%2Fv2%2Fmedia&parent=3302"}],"wp:term":[{"taxonomy":"category","embeddable":true,"href":"http:\/\/www.mbnp.archidiecezja.wroc.pl\/index.php?rest_route=%2Fwp%2Fv2%2Fcategories&post=3302"},{"taxonomy":"post_tag","embeddable":true,"href":"http:\/\/www.mbnp.archidiecezja.wroc.pl\/index.php?rest_route=%2Fwp%2Fv2%2Ftags&post=3302"}],"curies":[{"name":"wp","href":"https:\/\/api.w.org\/{rel}","templated":true}]}}