{"id":3298,"date":"2018-09-09T19:54:56","date_gmt":"2018-09-09T17:54:56","guid":{"rendered":"http:\/\/www.mbnp.archidiecezja.wroc.pl\/?p=3298"},"modified":"2024-05-04T02:08:04","modified_gmt":"2024-05-04T00:08:04","slug":"2-swiatowy-dzien-adopcji-serca-08-09-2018","status":"publish","type":"post","link":"http:\/\/www.mbnp.archidiecezja.wroc.pl\/?p=3298","title":{"rendered":"2 \u015awiatowy Dzie\u0144 Adopcji Serca 08.09.2018"},"content":{"rendered":"<p>Pierwszy raz we Wroc\u0142awiu, a drugi raz w Polsce obchodzili\u015bmy \u015awiatowy Dzie\u0144 Adopcji Serca. \u015awi\u0119to to zosta\u0142o zainaugurowane przez Ruch Solidarno\u015bci z Ubogimi Trzeciego \u015awiata &#8222;Maitri&#8221;. Na miejsce wroc\u0142awskich uroczysto\u015bci wybrano nasz\u0105 parafi\u0119 w kt\u00f3rej znajduje si\u0119 du\u017ca ilo\u015b\u0107 rodzic\u00f3w adopcyjnych.<\/p>\n<p>Spotkanie rozpocz\u0119\u0142o si\u0119 Msz\u0105 \u015bw. pod przewodnictwem ks. Piotra Sierzchu\u0142y. Homili\u0119 w trakcie Eucharystii wyg\u0142osi\u0142 o. Jacek Siemieniak OFM Cap., opiekun wroc\u0142awskiej wsp\u00f3lnoty Ruchu Maitri. W trakcie osobistego \u015bwiadectwa z pobytu na misjach w Czadzie zaznaczy\u0142 istot\u0119 pomocy poprzez program Adopcji Serca, dla rozwoju i wychowania dzieci w krajach misyjnych. Po Mszy \u015bw. uczestnicy spotkali si\u0119 w salce parafialnej, gdzie dzielili si\u0119 swoimi do\u015bwiadczeniami bycia rodzicem adopcyjnym oraz wys\u0142uchali \u015bwiadectwa s. Izabeli Pilorz &#8211; misjonarki z Republiki \u015arodkowej Afryki.<\/p>\n<p><a href=\"http:\/\/www.mbnp.archidiecezja.wroc.pl\/wp-content\/uploads\/2018\/09\/Resized_3.jpg\" rel=\"lightbox[3298]\"><img decoding=\"async\" loading=\"lazy\" class=\"aligncenter size-large wp-image-3299\" src=\"http:\/\/www.mbnp.archidiecezja.wroc.pl\/wp-content\/uploads\/2018\/09\/Resized_3-1024x768.jpg\" alt=\"Resized_3\" width=\"648\" height=\"486\" srcset=\"http:\/\/www.mbnp.archidiecezja.wroc.pl\/wp-content\/uploads\/2018\/09\/Resized_3-1024x768.jpg 1024w, http:\/\/www.mbnp.archidiecezja.wroc.pl\/wp-content\/uploads\/2018\/09\/Resized_3-300x225.jpg 300w, http:\/\/www.mbnp.archidiecezja.wroc.pl\/wp-content\/uploads\/2018\/09\/Resized_3.jpg 1440w\" sizes=\"(max-width: 648px) 100vw, 648px\" \/><\/a><\/p>\n<p style=\"text-align: center;\"><a href=\"http:\/\/www.mbnp.archidiecezja.wroc.pl\/?page_id=2964&amp;album=6599279720974942865\">GALERIA<\/a><\/p>\n","protected":false},"excerpt":{"rendered":"<p>Pierwszy raz we Wroc\u0142awiu, a drugi raz w Polsce obchodzili\u015bmy \u015awiatowy Dzie\u0144 Adopcji Serca. \u015awi\u0119to to zosta\u0142o zainaugurowane przez Ruch Solidarno\u015bci z Ubogimi Trzeciego \u015awiata &#8222;Maitri&#8221;. Na miejsce wroc\u0142awskich uroczysto\u015bci &#8230;<\/p>\n","protected":false},"author":7,"featured_media":0,"comment_status":"closed","ping_status":"open","sticky":false,"template":"","format":"standard","meta":[],"categories":[10],"tags":[],"_links":{"self":[{"href":"http:\/\/www.mbnp.archidiecezja.wroc.pl\/index.php?rest_route=\/wp\/v2\/posts\/3298"}],"collection":[{"href":"http:\/\/www.mbnp.archidiecezja.wroc.pl\/index.php?rest_route=\/wp\/v2\/posts"}],"about":[{"href":"http:\/\/www.mbnp.archidiecezja.wroc.pl\/index.php?rest_route=\/wp\/v2\/types\/post"}],"author":[{"embeddable":true,"href":"http:\/\/www.mbnp.archidiecezja.wroc.pl\/index.php?rest_route=\/wp\/v2\/users\/7"}],"replies":[{"embeddable":true,"href":"http:\/\/www.mbnp.archidiecezja.wroc.pl\/index.php?rest_route=%2Fwp%2Fv2%2Fcomments&post=3298"}],"version-history":[{"count":1,"href":"http:\/\/www.mbnp.archidiecezja.wroc.pl\/index.php?rest_route=\/wp\/v2\/posts\/3298\/revisions"}],"predecessor-version":[{"id":3300,"href":"http:\/\/www.mbnp.archidiecezja.wroc.pl\/index.php?rest_route=\/wp\/v2\/posts\/3298\/revisions\/3300"}],"wp:attachment":[{"href":"http:\/\/www.mbnp.archidiecezja.wroc.pl\/index.php?rest_route=%2Fwp%2Fv2%2Fmedia&parent=3298"}],"wp:term":[{"taxonomy":"category","embeddable":true,"href":"http:\/\/www.mbnp.archidiecezja.wroc.pl\/index.php?rest_route=%2Fwp%2Fv2%2Fcategories&post=3298"},{"taxonomy":"post_tag","embeddable":true,"href":"http:\/\/www.mbnp.archidiecezja.wroc.pl\/index.php?rest_route=%2Fwp%2Fv2%2Ftags&post=3298"}],"curies":[{"name":"wp","href":"https:\/\/api.w.org\/{rel}","templated":true}]}}